{"id":5359,"date":"2023-09-11T09:05:45","date_gmt":"2023-09-11T09:05:45","guid":{"rendered":"https:\/\/4judo.rilop.eu\/?p=5359"},"modified":"2023-09-14T15:53:17","modified_gmt":"2023-09-14T15:53:17","slug":"4judo-project-renova-titulos-nacionais-e-regressa-a-aveiro-com-5-medalhas-ao-peito","status":"publish","type":"post","link":"https:\/\/4judo.pt\/index.php\/2023\/09\/11\/4judo-project-renova-titulos-nacionais-e-regressa-a-aveiro-com-5-medalhas-ao-peito\/","title":{"rendered":"4JUDO PROJECT renova t\u00edtulos nacionais e regressa a Aveiro com 5 medalhas ao peito."},"content":{"rendered":"\n<p>No fim de semana de 3 e 4 de junho, a Associa\u00e7\u00e3o 4Judo Project marcou forte presen\u00e7a no <strong>Campeonato Nacional de Juvenis Individual e Equipas 2023<\/strong>, respetivamente, que se realizou no Pavilh\u00e3o Municipal Torre da Marinha \u2013 Seixal.<\/p>\n\n\n\n<p><br>Esta competi\u00e7\u00e3o contou com uma elevada participa\u00e7\u00e3o nas diversas categorias de peso, contando com 385 atletas no s\u00e1bado, na prova individual, e 143 atletas no domingo, que constitu\u00edram as 23 equipas do campeonato nacional de equipas de 2023.<br>Na prova individual, a comitiva da 4JUDO, composta por 4 atletas femininos e 3 masculinos, foi acompanhada pelo treinador principal Nuno Vieira, e Bianca Sousa, esteve ao abrigo da Federa\u00e7\u00e3o Portuguesa de Judo, na arbitragem.<br>Este ano, com a fasquia elevada pelos magn\u00edficos resultados desta associa\u00e7\u00e3o no ano anterior, e j\u00e1 este ano nos outros escal\u00f5es, tornou as expectativas altas e objetivos concretos para esta jornada.<br>Mantendo a senda dos resultados hist\u00f3ricos no judo aveirense, a 4JUDO Project regressa a casa com 3 medalhas ao peito na prova individual, dois Campe\u00f5es Nacionais Juvenis de 2023, e uma Vice-Campe\u00e3 juvenil de 2023. Os protagonistas desta brilhante conquista s\u00e3o, Carlos Vicente na categoria de -46kg e medalha de Ouro, Luana Figueiras na categoria de -57kg e medalha de Ouro pelo segundo ano consecutivo, e, Carolina Franco na categoria de -44kg e medalha de Prata.<\/p>\n\n\n\n<p><br>Mariana Ferreira na categoria de -44kg e Vasco Marques na categoria de -50kg, alcan\u00e7aram um honroso 7\u00ba lugar, Ricardo Ara\u00fajo na categoria de -60kg, e Lorena Gon\u00e7alves na categoria de -70kg, embora com uma boa presta\u00e7\u00e3o, n\u00e3o conseguiram ultrapassar os seus advers\u00e1rios, n\u00e3o obtendo classifica\u00e7\u00e3o.<\/p>\n\n\n\n<p><br>No domingo, dia 4 de junho, as equipas entraram em a\u00e7\u00e3o. Uma das competi\u00e7\u00f5es mais bonitas de se viver e presenciar no mundo do judo; ocasiona muitas emo\u00e7\u00f5es e um gigantesco esp\u00edrito de equipa, sendo que cada combate, cada vit\u00f3ria, \u00e9 um ponto, cada luta um pensar no ouro.<\/p>\n\n\n\n<p><br>A 4JUDO Project fez-se representar por duas equipas, uma feminina e outra masculina, que n\u00e3o deixaram a \u00faltima fase dessa jornada sem hist\u00f3ria, alcan\u00e7ando mais 2 t\u00edtulos nacionais, com duas medalhas de bronze. A equipa feminina constitu\u00edda por Carolina Franco (-44kg), Mariana Ferreira (-44kg), Zeltia Lavandeira (-48kg), Mariana Carvalho (-52kg), Luana Figueiras (-57kg) e Lorena Gon\u00e7alves (+57kg), e a equipa masculina constitu\u00edda por Carlos Vicente (-46kg), Vasco Marques (-50kg), Filipe Campos (-55kg), Ricardo Ara\u00fajo (-60kg) e Vicente Silva (-66kg), conquistaram um magn\u00edfico 3\u00ba Lugar em ambas as equipas, conclu\u00eddo esta jornada com a cereja em cima do bolo, alcan\u00e7ando mais duas medalhas a n\u00edvel nacional.<\/p>\n\n\n\n<p><br>Ambas as equipas foram acompanhadas pelos treinadores Nuno Vieira e Bianca Sousa.<\/p>\n\n\n\n<p><br>A 4Judo Project, mais uma vez atinge resultados hist\u00f3ricos no Judo Nacional, e, em especial no Judo Aveirense, sendo uma Associa\u00e7\u00e3o muito jovem ao lado de outros clubes a n\u00edvel Nacional, mas que de facto \u00e9 not\u00f3rio, o trabalho de excel\u00eancia, a dedica\u00e7\u00e3o, o crescimento, a paix\u00e3o e a garra com que se fazem sentir dentro e fora do tatami.<\/p>\n\n\n\n<p class=\"has-text-align-center\"><br><strong>ONDE VAI UM, V\u00c3O TODOS!<\/strong><br>\u201cO desejo de preparar-me para a vit\u00f3ria deve ser maior do que a vontade de vencer\u201d<\/p>\n\n\n\n<div class=\"wp-block-columns is-layout-flex wp-container-core-columns-is-layout-9d6595d7 wp-block-columns-is-layout-flex\">\n<div class=\"wp-block-column is-layout-flow wp-block-column-is-layout-flow\" style=\"flex-basis:100%\">\n<figure class=\"wp-block-gallery has-nested-images columns-default is-cropped wp-block-gallery-1 is-layout-flex wp-block-gallery-is-layout-flex\">\n<figure class=\"wp-block-image size-large\"><img loading=\"lazy\" decoding=\"async\" width=\"1024\" height=\"1024\" data-id=\"5366\" src=\"https:\/\/4judo.rilop.eu\/wp-content\/uploads\/2023\/09\/IMG_20230605_100212-1-1024x1024.jpg\" alt=\"\" class=\"wp-image-5366\" srcset=\"https:\/\/4judo.pt\/wp-content\/uploads\/2023\/09\/IMG_20230605_100212-1-1024x1024.jpg 1024w, https:\/\/4judo.pt\/wp-content\/uploads\/2023\/09\/IMG_20230605_100212-1-300x300.jpg 300w, https:\/\/4judo.pt\/wp-content\/uploads\/2023\/09\/IMG_20230605_100212-1-150x150.jpg 150w, https:\/\/4judo.pt\/wp-content\/uploads\/2023\/09\/IMG_20230605_100212-1-768x768.jpg 768w, https:\/\/4judo.pt\/wp-content\/uploads\/2023\/09\/IMG_20230605_100212-1-1536x1536.jpg 1536w, https:\/\/4judo.pt\/wp-content\/uploads\/2023\/09\/IMG_20230605_100212-1-200x200.jpg 200w, https:\/\/4judo.pt\/wp-content\/uploads\/2023\/09\/IMG_20230605_100212-1-400x400.jpg 400w, https:\/\/4judo.pt\/wp-content\/uploads\/2023\/09\/IMG_20230605_100212-1.jpg 1564w\" sizes=\"auto, (max-width: 1024px) 100vw, 1024px\" \/><\/figure>\n\n\n\n<figure class=\"wp-block-image size-large\"><img loading=\"lazy\" decoding=\"async\" width=\"1024\" height=\"576\" data-id=\"5367\" src=\"https:\/\/4judo.rilop.eu\/wp-content\/uploads\/2023\/09\/20230604_162500-1-1-1024x576.jpg\" alt=\"\" class=\"wp-image-5367\" srcset=\"https:\/\/4judo.pt\/wp-content\/uploads\/2023\/09\/20230604_162500-1-1-1024x576.jpg 1024w, https:\/\/4judo.pt\/wp-content\/uploads\/2023\/09\/20230604_162500-1-1-300x169.jpg 300w, https:\/\/4judo.pt\/wp-content\/uploads\/2023\/09\/20230604_162500-1-1-768x432.jpg 768w, https:\/\/4judo.pt\/wp-content\/uploads\/2023\/09\/20230604_162500-1-1-1536x864.jpg 1536w, https:\/\/4judo.pt\/wp-content\/uploads\/2023\/09\/20230604_162500-1-1-2048x1152.jpg 2048w, https:\/\/4judo.pt\/wp-content\/uploads\/2023\/09\/20230604_162500-1-1-200x113.jpg 200w, https:\/\/4judo.pt\/wp-content\/uploads\/2023\/09\/20230604_162500-1-1-711x400.jpg 711w\" sizes=\"auto, (max-width: 1024px) 100vw, 1024px\" \/><\/figure>\n<\/figure>\n<\/div>\n<\/div>\n","protected":false},"excerpt":{"rendered":"<p>No fim de semana de 3 e 4 de junho, a Associa\u00e7\u00e3o 4Judo Project marcou forte presen\u00e7a no Campeonato Nacional de Juvenis Individual e Equipas 2023, respetivamente, que se realizou no Pavilh\u00e3o Municipal Torre da Marinha \u2013 Seixal. Esta competi\u00e7\u00e3o contou com uma elevada participa\u00e7\u00e3o nas diversas categorias de peso, contando com 385 atletas no<\/p>\n","protected":false},"author":1,"featured_media":5361,"comment_status":"closed","ping_status":"open","sticky":false,"template":"","format":"standard","meta":{"footnotes":""},"categories":[42,40],"tags":[],"class_list":["post-5359","post","type-post","status-publish","format-standard","has-post-thumbnail","hentry","category-nacional","category-noticias"],"_links":{"self":[{"href":"https:\/\/4judo.pt\/index.php\/wp-json\/wp\/v2\/posts\/5359","targetHints":{"allow":["GET"]}}],"collection":[{"href":"https:\/\/4judo.pt\/index.php\/wp-json\/wp\/v2\/posts"}],"about":[{"href":"https:\/\/4judo.pt\/index.php\/wp-json\/wp\/v2\/types\/post"}],"author":[{"embeddable":true,"href":"https:\/\/4judo.pt\/index.php\/wp-json\/wp\/v2\/users\/1"}],"replies":[{"embeddable":true,"href":"https:\/\/4judo.pt\/index.php\/wp-json\/wp\/v2\/comments?post=5359"}],"version-history":[{"count":4,"href":"https:\/\/4judo.pt\/index.php\/wp-json\/wp\/v2\/posts\/5359\/revisions"}],"predecessor-version":[{"id":5533,"href":"https:\/\/4judo.pt\/index.php\/wp-json\/wp\/v2\/posts\/5359\/revisions\/5533"}],"wp:featuredmedia":[{"embeddable":true,"href":"https:\/\/4judo.pt\/index.php\/wp-json\/wp\/v2\/media\/5361"}],"wp:attachment":[{"href":"https:\/\/4judo.pt\/index.php\/wp-json\/wp\/v2\/media?parent=5359"}],"wp:term":[{"taxonomy":"category","embeddable":true,"href":"https:\/\/4judo.pt\/index.php\/wp-json\/wp\/v2\/categories?post=5359"},{"taxonomy":"post_tag","embeddable":true,"href":"https:\/\/4judo.pt\/index.php\/wp-json\/wp\/v2\/tags?post=5359"}],"curies":[{"name":"wp","href":"https:\/\/api.w.org\/{rel}","templated":true}]}}