{"id":5484,"date":"2023-09-12T14:25:25","date_gmt":"2023-09-12T14:25:25","guid":{"rendered":"https:\/\/4judo.rilop.eu\/?p=5484"},"modified":"2023-09-14T15:57:22","modified_gmt":"2023-09-14T15:57:22","slug":"zonais-norte-2022-juvenis-cadetes","status":"publish","type":"post","link":"https:\/\/4judo.pt\/index.php\/2023\/09\/12\/zonais-norte-2022-juvenis-cadetes\/","title":{"rendered":"ZONAIS NORTE 2022 JUVENIS &amp; CADETES"},"content":{"rendered":"\n<p class=\"has-text-align-center\"><strong>4JUDO com 15 atletas e 15 medalhas<\/strong><\/p>\n\n\n\n<p>No passado dia 24 de maio realizou-se o Campeonato Zonal 2022 de Juvenis e o Torneio Regional 2022 de Cadetes, organizado pela Associa\u00e7\u00e3o Distrital de Judo de Aveiro, no Centro de Alto Rendimento de Anadia.<br>A Associa\u00e7\u00e3o 4JUDO Project marca presen\u00e7a com uma forte equipa composta por 15 atletas: 6 cadetes e 9 juvenis. A comitiva foi acompanhada pelo treinador Eudson Oliveira.<\/p>\n\n\n\n<p><br>Todos os 15 atletas participantes da 4JUDO PROJECT, conquistaram o p\u00f3dio, demonstrando um desempenho brilhante e o trabalho que ao longo da \u00e9poca t\u00eam vindo a fazer, sempre com o objetivo na prepara\u00e7\u00e3o cont\u00ednua e foco para as provas que se avizinham a 4 e 5 de junho, sendo estas o Campeonato Nacional de Juvenis 2022 e Campeonato Nacional de Equipas Cadetes.<\/p>\n\n\n\n<p><\/p>\n\n\n\n<p>Importante salientar que para al\u00e9m dos resultados individuais, a 4JUDO PROJECT pelo segundo ano consecutivo alcan\u00e7a o 1\u00ba Lugar por equipas em ambos os escal\u00f5es.<\/p>\n\n\n\n<p><strong>Seguem os resultados individuais:<\/strong><br><em>Resultados Torneio Regional Cadetes Norte 2022:<\/em><br>Diogo Moreira (-50kg) \u2013 1\u00ba Lugar<br>Lu\u00eds Cruz (-60kg) \u2013 1\u00ba Lugar<br>Victor Antunes (-81kg) \u2013 1\u00ba Lugar<br>Rafael Reis (-55kg) \u2013 2\u00ba Lugar<br>Rodrigo Santos \u2013 3\u00ba Lugar<br>Joel Silva \u2013 3\u00ba Lugar<br>Resultados Zonal Juvenis Norte 2022:<br>Carolina Franco (-44kg) \u2013 1\u00ba Lugar<br>Iara Henriques (-48kg) \u2013 1\u00ba Lugar<br>Guilherme Tavares (-55kg) \u2013 1\u00ba Lugar<br>Luana Laraina (-57kg) \u2013 1\u00ba Lugar<br>N\u00faria Silva (-52kg) \u2013 2\u00ba Lugar<br>Vasco Marques (-42kg) \u2013 2\u00ba Lugar<br>Mariana Ferreira (-44kg) \u2013 3\u00ba Lugar<br>Margarida Vieira (-48kg) \u2013 3\u00ba Lugar<br>Rita S\u00e1 (-52kg) \u2013 3\u00ba Lugar<\/p>\n\n\n\n<p>O treinador principal e coordenador da 4JUDO PROJECT, Nuno Vieira, lamenta o facto de n\u00e3o ter acompanhado os atletas, por motivos de sa\u00fade. Exprime o seu profundo agradecimento \u00e1 uni\u00e3o de toda a equipa e aos familiares, que possibilitaram a visualiza\u00e7\u00e3o em direto de todos os combates, permitindo assim a partilha da performance de cada atleta a Nuno Vieira.<\/p>\n","protected":false},"excerpt":{"rendered":"<p>4JUDO com 15 atletas e 15 medalhas No passado dia 24 de maio realizou-se o Campeonato Zonal 2022 de Juvenis e o Torneio Regional 2022 de Cadetes, organizado pela Associa\u00e7\u00e3o Distrital de Judo de Aveiro, no Centro de Alto Rendimento de Anadia.A Associa\u00e7\u00e3o 4JUDO Project marca presen\u00e7a com uma forte equipa composta por 15 atletas:<\/p>\n","protected":false},"author":1,"featured_media":5485,"comment_status":"closed","ping_status":"open","sticky":false,"template":"","format":"standard","meta":{"footnotes":""},"categories":[40,41],"tags":[],"class_list":["post-5484","post","type-post","status-publish","format-standard","has-post-thumbnail","hentry","category-noticias","category-zonal"],"_links":{"self":[{"href":"https:\/\/4judo.pt\/index.php\/wp-json\/wp\/v2\/posts\/5484","targetHints":{"allow":["GET"]}}],"collection":[{"href":"https:\/\/4judo.pt\/index.php\/wp-json\/wp\/v2\/posts"}],"about":[{"href":"https:\/\/4judo.pt\/index.php\/wp-json\/wp\/v2\/types\/post"}],"author":[{"embeddable":true,"href":"https:\/\/4judo.pt\/index.php\/wp-json\/wp\/v2\/users\/1"}],"replies":[{"embeddable":true,"href":"https:\/\/4judo.pt\/index.php\/wp-json\/wp\/v2\/comments?post=5484"}],"version-history":[{"count":1,"href":"https:\/\/4judo.pt\/index.php\/wp-json\/wp\/v2\/posts\/5484\/revisions"}],"predecessor-version":[{"id":5486,"href":"https:\/\/4judo.pt\/index.php\/wp-json\/wp\/v2\/posts\/5484\/revisions\/5486"}],"wp:featuredmedia":[{"embeddable":true,"href":"https:\/\/4judo.pt\/index.php\/wp-json\/wp\/v2\/media\/5485"}],"wp:attachment":[{"href":"https:\/\/4judo.pt\/index.php\/wp-json\/wp\/v2\/media?parent=5484"}],"wp:term":[{"taxonomy":"category","embeddable":true,"href":"https:\/\/4judo.pt\/index.php\/wp-json\/wp\/v2\/categories?post=5484"},{"taxonomy":"post_tag","embeddable":true,"href":"https:\/\/4judo.pt\/index.php\/wp-json\/wp\/v2\/tags?post=5484"}],"curies":[{"name":"wp","href":"https:\/\/api.w.org\/{rel}","templated":true}]}}