{"id":5496,"date":"2023-09-12T14:52:06","date_gmt":"2023-09-12T14:52:06","guid":{"rendered":"https:\/\/4judo.rilop.eu\/?p=5496"},"modified":"2023-09-12T14:52:07","modified_gmt":"2023-09-12T14:52:07","slug":"4judo-project-conquista-mais-onze-medalhas-para-aveiro","status":"publish","type":"post","link":"https:\/\/4judo.pt\/index.php\/2023\/09\/12\/4judo-project-conquista-mais-onze-medalhas-para-aveiro\/","title":{"rendered":"4Judo Project conquista mais onze medalhas para Aveiro"},"content":{"rendered":"\n<p>A Associa\u00e7\u00e3o 4Judo Project continua na senda dos excelentes resultados desportivos, desta feita em dose dupla. No passado s\u00e1bado, dia 25, nove atletas rumaram a Valen\u00e7a com os treinadores Bianca Sousa e Eudson Silva para disputar o Campeonato Zonal Norte de Juniores 2023 e quatro atletas juvenis, em representa\u00e7\u00e3o de Portugal, cruzaram a fronteira rumo \u00e0 <strong>Copa de Espanha A Infantil \u2013 18\u00ba Trofeo Cidade de Lugo<\/strong>, acompanhados pelo coordenador e treinador principal Nuno Vieira.<\/p>\n\n\n\n<p><br>O Campeonato Zonal Norte de Juniores sagrou campe\u00f5es os atletas aveirenses Iara Henriques (-48Kg), N\u00faria Silva (-57Kg), Lu\u00eds Cruz (-60Kg) e Victor Antunes (-81Kg).<\/p>\n\n\n\n<p> Guilherme Tavares (-60Kg) conquistou a medalha de prata ap\u00f3s um percurso perfeito de vit\u00f3rias, apenas interrompido na final disputada com o seu colega de equipa Lu\u00eds Cruz. Manuel Ribeiro (-66Kg), Tiago Serrano (-66Kg) e Joel Silva (-73Kg) alcan\u00e7aram o bronze e apenas Rodrigo Santos (-60Kg), pese embora a excelente presta\u00e7\u00e3o, n\u00e3o conseguiu subir ao p\u00f3dio. De salientar que sete dos nove atletas da 4Judo que participaram no Campeonato s\u00e3o ainda cadetes (entre 15 e 17 anos), pelo que os resultados de elevado n\u00edvel a competir na categoria de juniores (dos 18 aos 21 anos) s\u00e3o ainda mais merit\u00f3rios e uma nova demonstra\u00e7\u00e3o da consist\u00eancia e qualidade do judo ensinado e treinado no clube aveirense.<br>J\u00e1 na prova juvenil realizada na Galiza, muito participada e de elevado n\u00edvel, com atletas oriundos de v\u00e1rias regi\u00f5es de Espanha e de Portugal, a equipa da 4Judo voltou a demonstrar a valia t\u00e9cnica e competitiva dos seus jovens judocas. Luana Laraina (-57Kg) sagrou-se vice-campe\u00e3 da Copa, enquanto Carolina Franco (-44Kg) e Vasco Marques (-46Kg) alcan\u00e7aram as medalhas de bronze. Carlos Vicente (-42Kg) viu interrompida uma brilhante s\u00e9rie de vit\u00f3rias em competi\u00e7\u00f5es anteriores, nas quais conquistou consecutivamente quatro medalhas de ouro, para terminar num honroso 5\u00ba lugar na sua primeira experi\u00eancia competitiva al\u00e9m-fronteiras.<br>Um total de 11 medalhas em 13 poss\u00edveis foram conquistadas pelos atletas da 4Judo Project, que continua a afirmar-se perentoriamente como um dos principais clubes dos escal\u00f5es de forma\u00e7\u00e3o do Judo em Portugal. Entretanto, o calend\u00e1rio competitivo prossegue e a pr\u00f3xima prova j\u00e1 est\u00e1 na agenda: nos dias 11 e 12 de mar\u00e7o, o emblema aveirense rumar\u00e1 a Coimbra para participar no Campeonato de Apuramento para a Sele\u00e7\u00e3o Nacional de Juniores 2023 e no Campeonato Nacional de Equipas Juniores 2023.<\/p>\n\n\n<div class=\"wp-block-image\">\n<figure class=\"aligncenter size-large is-resized\"><img loading=\"lazy\" decoding=\"async\" src=\"https:\/\/4judo.rilop.eu\/wp-content\/uploads\/2023\/09\/20230423_151221-2-1024x485.jpg\" alt=\"\" class=\"wp-image-5498\" style=\"width:682px;height:323px\" width=\"682\" height=\"323\" srcset=\"https:\/\/4judo.pt\/wp-content\/uploads\/2023\/09\/20230423_151221-2-1024x485.jpg 1024w, https:\/\/4judo.pt\/wp-content\/uploads\/2023\/09\/20230423_151221-2-300x142.jpg 300w, https:\/\/4judo.pt\/wp-content\/uploads\/2023\/09\/20230423_151221-2-768x364.jpg 768w, https:\/\/4judo.pt\/wp-content\/uploads\/2023\/09\/20230423_151221-2-1536x728.jpg 1536w, https:\/\/4judo.pt\/wp-content\/uploads\/2023\/09\/20230423_151221-2-2048x970.jpg 2048w, https:\/\/4judo.pt\/wp-content\/uploads\/2023\/09\/20230423_151221-2-200x95.jpg 200w, https:\/\/4judo.pt\/wp-content\/uploads\/2023\/09\/20230423_151221-2-800x379.jpg 800w\" sizes=\"auto, (max-width: 682px) 100vw, 682px\" \/><\/figure>\n<\/div>\n\n\n<p><\/p>\n","protected":false},"excerpt":{"rendered":"<p>A Associa\u00e7\u00e3o 4Judo Project continua na senda dos excelentes resultados desportivos, desta feita em dose dupla. No passado s\u00e1bado, dia 25, nove atletas rumaram a Valen\u00e7a com os treinadores Bianca Sousa e Eudson Silva para disputar o Campeonato Zonal Norte de Juniores 2023 e quatro atletas juvenis, em representa\u00e7\u00e3o de Portugal, cruzaram a fronteira rumo<\/p>\n","protected":false},"author":1,"featured_media":5499,"comment_status":"closed","ping_status":"open","sticky":false,"template":"","format":"standard","meta":{"footnotes":""},"categories":[40],"tags":[],"class_list":["post-5496","post","type-post","status-publish","format-standard","has-post-thumbnail","hentry","category-noticias"],"_links":{"self":[{"href":"https:\/\/4judo.pt\/index.php\/wp-json\/wp\/v2\/posts\/5496","targetHints":{"allow":["GET"]}}],"collection":[{"href":"https:\/\/4judo.pt\/index.php\/wp-json\/wp\/v2\/posts"}],"about":[{"href":"https:\/\/4judo.pt\/index.php\/wp-json\/wp\/v2\/types\/post"}],"author":[{"embeddable":true,"href":"https:\/\/4judo.pt\/index.php\/wp-json\/wp\/v2\/users\/1"}],"replies":[{"embeddable":true,"href":"https:\/\/4judo.pt\/index.php\/wp-json\/wp\/v2\/comments?post=5496"}],"version-history":[{"count":1,"href":"https:\/\/4judo.pt\/index.php\/wp-json\/wp\/v2\/posts\/5496\/revisions"}],"predecessor-version":[{"id":5500,"href":"https:\/\/4judo.pt\/index.php\/wp-json\/wp\/v2\/posts\/5496\/revisions\/5500"}],"wp:featuredmedia":[{"embeddable":true,"href":"https:\/\/4judo.pt\/index.php\/wp-json\/wp\/v2\/media\/5499"}],"wp:attachment":[{"href":"https:\/\/4judo.pt\/index.php\/wp-json\/wp\/v2\/media?parent=5496"}],"wp:term":[{"taxonomy":"category","embeddable":true,"href":"https:\/\/4judo.pt\/index.php\/wp-json\/wp\/v2\/categories?post=5496"},{"taxonomy":"post_tag","embeddable":true,"href":"https:\/\/4judo.pt\/index.php\/wp-json\/wp\/v2\/tags?post=5496"}],"curies":[{"name":"wp","href":"https:\/\/api.w.org\/{rel}","templated":true}]}}