{"id":7284,"date":"2024-06-17T09:34:35","date_gmt":"2024-06-17T09:34:35","guid":{"rendered":"https:\/\/4judo.pt\/?p=7284"},"modified":"2024-06-17T09:34:37","modified_gmt":"2024-06-17T09:34:37","slug":"4judo-project-impera-o-podio-no-zonal-norte-de-2024","status":"publish","type":"post","link":"https:\/\/4judo.pt\/index.php\/2024\/06\/17\/4judo-project-impera-o-podio-no-zonal-norte-de-2024\/","title":{"rendered":"4JUDO PROJECT impera o p\u00f3dio no Zonal Norte de 2024"},"content":{"rendered":"\n<p>A Associa\u00e7\u00e3o 4Judo Project participou no dia 8 de junho, no Campeonato Zonal Norte de Juvenis 2024, que se realizou no Complexo Desportivo do Grupo Desportivo Beira Ria, em Gafanha do Carmo, com organiza\u00e7\u00e3o da Associa\u00e7\u00e3o Distrital de Judo de Aveiro e parceria do GD Beira Ria.<\/p>\n\n\n\n<p>Esta competi\u00e7\u00e3o confere acesso ao Campeonato Nacional de Juvenis, que se realizar\u00e1 no pr\u00f3ximo dia 22 de junho, em Aveiro, sendo a 4Judo representada por 5 atletas que alcan\u00e7aram o apuramento desejado, na participa\u00e7\u00e3o total de 7 jovens. Os judocas demonstraram excelentes indicadores para aquela que \u00e9 a prova m\u00e3e do ano, com a conquista de 5 medalhas em 7 poss\u00edveis, registando para o distrito de Aveiro mais 2 Campe\u00f5es de Judo da Zona Norte de 2024, 1 Vice-campe\u00e3o, e 2 bronze.<\/p>\n\n\n\n<p>Gabriel Castro (-38kg), e Leonor Trancoso (-63kg), s\u00e3o os protagonistas das 2 medalhas de Ouro da 4Judo, e os Campe\u00f5es Zonais em t\u00edtulo do ano 2024; Mariana Paiva (-52kg) conquistou a medalha de prata, e \u00e9 a Vice-Campe\u00e3 da Zona Norte; Ema Ribeiro (-57kg), e Ricardo Ara\u00fajo (-60kg), conquistaram o 2 bronze da comitiva aveirense. Para Tom\u00e1s Silva (-55kg), e Christopher Miller (-50kg), embora com uma excelente participa\u00e7\u00e3o, n\u00e3o conseguiram chegar \u00e0s t\u00e3o desejadas classifica\u00e7\u00f5es.<\/p>\n\n\n\n<p>A comitiva foi acompanhada pelos treinadores Nuno Vieira, Eudson Oliveira, e Irahy Tedesco. Na arbitragem estiveram, Bianca Sousa e Jos\u00e9 Louren\u00e7o.<\/p>\n\n\n\n<p>Esta prova, como j\u00e1 referido, teve como objetivo a prepara\u00e7\u00e3o e classifica\u00e7\u00e3o para o Campeonato Nacional Individual e de Equipas de Juvenis de 2024, que se realizar\u00e1 nos pr\u00f3ximos dias 22 e 23 de junho, sendo que a 4Judo se far\u00e1 representar com uma equipa masculina, e com uma feminina.<\/p>\n\n\n\n<p>Boa sorte!!<\/p>\n","protected":false},"excerpt":{"rendered":"<p>A Associa\u00e7\u00e3o 4Judo Project participou no dia 8 de junho, no Campeonato Zonal Norte de Juvenis 2024, que se realizou no Complexo Desportivo do Grupo Desportivo Beira Ria, em Gafanha do Carmo, com organiza\u00e7\u00e3o da Associa\u00e7\u00e3o Distrital de Judo de Aveiro e parceria do GD Beira Ria. Esta competi\u00e7\u00e3o confere acesso ao Campeonato Nacional de<\/p>\n","protected":false},"author":1,"featured_media":7285,"comment_status":"closed","ping_status":"open","sticky":false,"template":"","format":"standard","meta":{"footnotes":""},"categories":[2,40,41],"tags":[],"class_list":["post-7284","post","type-post","status-publish","format-standard","has-post-thumbnail","hentry","category-judo","category-noticias","category-zonal"],"_links":{"self":[{"href":"https:\/\/4judo.pt\/index.php\/wp-json\/wp\/v2\/posts\/7284","targetHints":{"allow":["GET"]}}],"collection":[{"href":"https:\/\/4judo.pt\/index.php\/wp-json\/wp\/v2\/posts"}],"about":[{"href":"https:\/\/4judo.pt\/index.php\/wp-json\/wp\/v2\/types\/post"}],"author":[{"embeddable":true,"href":"https:\/\/4judo.pt\/index.php\/wp-json\/wp\/v2\/users\/1"}],"replies":[{"embeddable":true,"href":"https:\/\/4judo.pt\/index.php\/wp-json\/wp\/v2\/comments?post=7284"}],"version-history":[{"count":1,"href":"https:\/\/4judo.pt\/index.php\/wp-json\/wp\/v2\/posts\/7284\/revisions"}],"predecessor-version":[{"id":7286,"href":"https:\/\/4judo.pt\/index.php\/wp-json\/wp\/v2\/posts\/7284\/revisions\/7286"}],"wp:featuredmedia":[{"embeddable":true,"href":"https:\/\/4judo.pt\/index.php\/wp-json\/wp\/v2\/media\/7285"}],"wp:attachment":[{"href":"https:\/\/4judo.pt\/index.php\/wp-json\/wp\/v2\/media?parent=7284"}],"wp:term":[{"taxonomy":"category","embeddable":true,"href":"https:\/\/4judo.pt\/index.php\/wp-json\/wp\/v2\/categories?post=7284"},{"taxonomy":"post_tag","embeddable":true,"href":"https:\/\/4judo.pt\/index.php\/wp-json\/wp\/v2\/tags?post=7284"}],"curies":[{"name":"wp","href":"https:\/\/api.w.org\/{rel}","templated":true}]}}