{"id":7380,"date":"2024-12-04T10:53:36","date_gmt":"2024-12-04T10:53:36","guid":{"rendered":"https:\/\/4judo.pt\/?p=7380"},"modified":"2024-12-04T10:56:09","modified_gmt":"2024-12-04T10:56:09","slug":"gala-de-graduacoes-4judo-project-2024","status":"publish","type":"post","link":"https:\/\/4judo.pt\/index.php\/2024\/12\/04\/gala-de-graduacoes-4judo-project-2024\/","title":{"rendered":"Gala de Gradua\u00e7\u00f5es 4JUDO PROJECT 2024"},"content":{"rendered":"\n<p>No dia 1 de dezembro, a Zona Desportiva da ADREP foi palco da t\u00e3o aguardada Gala de Gradua\u00e7\u00f5es 4JUDO PROJECT 2024. O evento, que decorreu durante a tarde, reuniu 320 participantes, entre judocas e familiares, para celebrar o esp\u00edrito do judo e reconhecer o esfor\u00e7o e as conquistas de todos os envolvidos no projeto.<\/p>\n\n\n\n<p><strong>Agradecimentos e Reconhecimentos<\/strong><\/p>\n\n\n\n<p>Um momento especial foi dedicado aos agradecimentos, com destaque para a ADREP, cuja parceria e apoio cont\u00ednuo t\u00eam sido fundamentais para o crescimento da modalidade. Tamb\u00e9m foram reconhecidas as institui\u00e7\u00f5es, empresas parceiras e a estrutura t\u00e9cnica e administrativa, que contribuem para o sucesso e a excel\u00eancia do projeto.<\/p>\n\n\n\n<p><strong>Pr\u00e9mios e Gradua\u00e7\u00f5es<\/strong><\/p>\n\n\n\n<p>A gala destacou-se pela entrega dos pr\u00e9mios de m\u00e9rito desportivo, homenageando judocas que alcan\u00e7aram resultados not\u00e1veis em competi\u00e7\u00f5es regionais, nacionais e internacionais, num total de 24 judocas a serem condecorados com o pr\u00e9miode m\u00e9ritodesportivo. Al\u00e9m disso, 120 judocas foram graduados, marcando um importante passo nas suas jornadas desportivas e simbolizando o progresso e dedica\u00e7\u00e3o de cada judoca.<\/p>\n\n\n\n<p><strong>Amarelo <\/strong>(5\u00b0Kyu) &#8211; 31 judocas<\/p>\n\n\n\n<p><strong>Laranja <\/strong>(4\u00b0Kyu) &#8211; 25 judocas\u00a0<\/p>\n\n\n\n<p><strong>Verde <\/strong>(3\u00b0 Kyu) &#8211; 6 judocas\u00a0<\/p>\n\n\n\n<p><strong>Azul <\/strong>(2\u00b0 Kyu) &#8211; 2 judocas\u00a0<\/p>\n\n\n\n<p><strong>Castanho <\/strong>(1\u00b0Kyu) &#8211; 2 judocas\u00a0<\/p>\n\n\n\n<p><strong>Preto <\/strong>(1\u00b0Dan) &#8211; 6 judocas\u00a0<\/p>\n\n\n\n<p>As restantes gradua\u00e7\u00f5es, foram gradua\u00e7\u00f5es interm\u00e9dias.&nbsp;<\/p>\n\n\n\n<p>A tarde de 1 de dezembro foi uma celebra\u00e7\u00e3o inspiradora de uni\u00e3o, reconhecimento e paix\u00e3o pelo judo, consolidando os valores que sustentam o 4JUDO PROJECT.<\/p>\n\n\n\n<p>Um enorme agradecimento \u00e0 ADREP, pela ajuda na organiza\u00e7\u00e3o deste grande evento.&nbsp;<\/p>\n\n\n<div class=\"wp-block-image is-style-rounded\">\n<figure class=\"alignleft size-large is-resized\"><img loading=\"lazy\" decoding=\"async\" width=\"768\" height=\"1024\" src=\"https:\/\/4judo.pt\/wp-content\/uploads\/2024\/12\/judo1-2-768x1024.jpg\" alt=\"\" class=\"wp-image-7390\" style=\"width:416px;height:auto\" srcset=\"https:\/\/4judo.pt\/wp-content\/uploads\/2024\/12\/judo1-2-768x1024.jpg 768w, https:\/\/4judo.pt\/wp-content\/uploads\/2024\/12\/judo1-2-225x300.jpg 225w, https:\/\/4judo.pt\/wp-content\/uploads\/2024\/12\/judo1-2-1152x1536.jpg 1152w, https:\/\/4judo.pt\/wp-content\/uploads\/2024\/12\/judo1-2-150x200.jpg 150w, https:\/\/4judo.pt\/wp-content\/uploads\/2024\/12\/judo1-2-300x400.jpg 300w, https:\/\/4judo.pt\/wp-content\/uploads\/2024\/12\/judo1-2.jpg 1200w\" sizes=\"auto, (max-width: 768px) 100vw, 768px\" \/><\/figure>\n<\/div>\n\n\n<figure class=\"wp-block-gallery has-nested-images columns-default is-cropped wp-block-gallery-1 is-layout-flex wp-block-gallery-is-layout-flex\">\n<figure class=\"wp-block-image size-large is-style-default\"><img loading=\"lazy\" decoding=\"async\" width=\"1024\" height=\"683\" data-id=\"7391\" src=\"https:\/\/4judo.pt\/wp-content\/uploads\/2024\/12\/judo4-2-1024x683.jpg\" alt=\"\" class=\"wp-image-7391\" srcset=\"https:\/\/4judo.pt\/wp-content\/uploads\/2024\/12\/judo4-2-1024x683.jpg 1024w, https:\/\/4judo.pt\/wp-content\/uploads\/2024\/12\/judo4-2-300x200.jpg 300w, https:\/\/4judo.pt\/wp-content\/uploads\/2024\/12\/judo4-2-768x512.jpg 768w, https:\/\/4judo.pt\/wp-content\/uploads\/2024\/12\/judo4-2-1536x1024.jpg 1536w, https:\/\/4judo.pt\/wp-content\/uploads\/2024\/12\/judo4-2-2048x1365.jpg 2048w, https:\/\/4judo.pt\/wp-content\/uploads\/2024\/12\/judo4-2-200x133.jpg 200w, https:\/\/4judo.pt\/wp-content\/uploads\/2024\/12\/judo4-2-600x400.jpg 600w\" sizes=\"auto, (max-width: 1024px) 100vw, 1024px\" \/><\/figure>\n<\/figure>\n","protected":false},"excerpt":{"rendered":"<p>No dia 1 de dezembro, a Zona Desportiva da ADREP foi palco da t\u00e3o aguardada Gala de Gradua\u00e7\u00f5es 4JUDO PROJECT 2024. O evento, que decorreu durante a tarde, reuniu 320 participantes, entre judocas e familiares, para celebrar o esp\u00edrito do judo e reconhecer o esfor\u00e7o e as conquistas de todos os envolvidos no projeto. Agradecimentos<\/p>\n","protected":false},"author":1,"featured_media":7384,"comment_status":"closed","ping_status":"open","sticky":false,"template":"","format":"standard","meta":{"footnotes":""},"categories":[2,40],"tags":[],"class_list":["post-7380","post","type-post","status-publish","format-standard","has-post-thumbnail","hentry","category-judo","category-noticias"],"_links":{"self":[{"href":"https:\/\/4judo.pt\/index.php\/wp-json\/wp\/v2\/posts\/7380","targetHints":{"allow":["GET"]}}],"collection":[{"href":"https:\/\/4judo.pt\/index.php\/wp-json\/wp\/v2\/posts"}],"about":[{"href":"https:\/\/4judo.pt\/index.php\/wp-json\/wp\/v2\/types\/post"}],"author":[{"embeddable":true,"href":"https:\/\/4judo.pt\/index.php\/wp-json\/wp\/v2\/users\/1"}],"replies":[{"embeddable":true,"href":"https:\/\/4judo.pt\/index.php\/wp-json\/wp\/v2\/comments?post=7380"}],"version-history":[{"count":3,"href":"https:\/\/4judo.pt\/index.php\/wp-json\/wp\/v2\/posts\/7380\/revisions"}],"predecessor-version":[{"id":7394,"href":"https:\/\/4judo.pt\/index.php\/wp-json\/wp\/v2\/posts\/7380\/revisions\/7394"}],"wp:featuredmedia":[{"embeddable":true,"href":"https:\/\/4judo.pt\/index.php\/wp-json\/wp\/v2\/media\/7384"}],"wp:attachment":[{"href":"https:\/\/4judo.pt\/index.php\/wp-json\/wp\/v2\/media?parent=7380"}],"wp:term":[{"taxonomy":"category","embeddable":true,"href":"https:\/\/4judo.pt\/index.php\/wp-json\/wp\/v2\/categories?post=7380"},{"taxonomy":"post_tag","embeddable":true,"href":"https:\/\/4judo.pt\/index.php\/wp-json\/wp\/v2\/tags?post=7380"}],"curies":[{"name":"wp","href":"https:\/\/api.w.org\/{rel}","templated":true}]}}