{"id":7410,"date":"2025-01-21T09:34:07","date_gmt":"2025-01-21T09:34:07","guid":{"rendered":"https:\/\/4judo.pt\/?p=7410"},"modified":"2025-01-21T09:34:09","modified_gmt":"2025-01-21T09:34:09","slug":"4judo-project-impera-o-podio-no-zonal-norte-de-2025","status":"publish","type":"post","link":"https:\/\/4judo.pt\/index.php\/2025\/01\/21\/4judo-project-impera-o-podio-no-zonal-norte-de-2025\/","title":{"rendered":"4JUDO PROJECT impera o p\u00f3dio no Zonal Norte de 2025"},"content":{"rendered":"\n<p>A Associa\u00e7\u00e3o 4Judo Project participou no dia 18 de janeiro, no Campeonato Zonal Norte de Juniores 2025, que se realizou no Pavilh\u00e3o Desportivo de Fontelo, em Viseu, com organiza\u00e7\u00e3o da Associa\u00e7\u00e3o Distrital de Judo de Viseu.<\/p>\n\n\n\n<p>Esta \u00e9 uma competi\u00e7\u00e3o importante, por ser o passaporte de acesso ao Campeonato Nacional de Juniores, prova que vai determinar e selecionar os atletas que entrar\u00e3o na Sele\u00e7\u00e3o Nacional de Judo de 2025. Este ano, realizar-se-\u00e1 em Tomar, ber\u00e7o da Judoca medalhada Ol\u00edmpica Patricia Sampaio, j\u00e1 no pr\u00f3ximo dia 8 de fevereiro.<\/p>\n\n\n\n<p>Em proveito da extraordin\u00e1ria presta\u00e7\u00e3o deste s\u00e1bado no Zonal Norte, a 4Judo Project ser\u00e1 representada por 13 atletas no Nacional de Juniores 2025. A totalidade dos 13 participantes da Associa\u00e7\u00e3o Aveirense n\u00e3o s\u00f3 conquistou o apuramento desejado, como, todos sem exce\u00e7\u00e3o avan\u00e7aram na prova at\u00e9 \u00e1 disputa das medalhas, resultando apenas em 2 atletas que n\u00e3o conseguiram subir ao p\u00f3dio, arrancando assim a classifica\u00e7\u00e3o imediatamente anterior, um magnifico 5\u00ba lugar. Os judocas demonstraram excelentes indicadores para aquela que \u00e9 a prova m\u00e3e do ano, registando para o distrito de Aveiro 5 Campe\u00f5es de Judo da Zona Norte de 2025, 3 Vice-campe\u00f5es, 3 bronzes, e 2 5\u00ba lugares.<\/p>\n\n\n\n<p><strong>Campe\u00f5es Regionais Zona Norte 2025<\/strong><\/p>\n\n\n\n<p>Carolina Franco -48kg<\/p>\n\n\n\n<p>Luana Figueiras -57kg<\/p>\n\n\n\n<p>Leonardo Pata -66kg<\/p>\n\n\n\n<p>Guilherme Tavares -73kg<\/p>\n\n\n\n<p>Victor Antunes -90kg<\/p>\n\n\n\n<p><strong>Vice-Campe\u00f5es Regionais Zona Norte 2025<\/strong><\/p>\n\n\n\n<p>N\u00faria Silva -63kg<\/p>\n\n\n\n<p>Luis Cruz -66kg<\/p>\n\n\n\n<p>Manuel Ribeiro -73kg<\/p>\n\n\n\n<p><strong>Bronzes<\/strong><\/p>\n\n\n\n<p>Diogo Moreira -60kg<\/p>\n\n\n\n<p>Rodrigo Santos -60kg<\/p>\n\n\n\n<p>Rafael Pep\u00ea -66kg<\/p>\n\n\n\n<p><strong>5\u00ba Classificados<\/strong><\/p>\n\n\n\n<p>Ruben Silva -66kg<\/p>\n\n\n\n<p>Tiago Serrano -73kg<\/p>\n\n\n\n<p>A comitiva foi acompanhada pelos treinadores Nuno Vieira, Jos\u00e9 Vieira, e Paulo Moreira. Na arbitragem estiveram, Bianca Sousa e Jos\u00e9 Louren\u00e7o.<\/p>\n\n\n\n<p>Esta prova, como j\u00e1 referido, teve como objetivo a prepara\u00e7\u00e3o e classifica\u00e7\u00e3o para o Campeonato Nacional Individual e de Equipas de Juniores de 2025, que se realizar\u00e1 nos pr\u00f3ximos dias 8 e 9 de fevereiro, sendo que a 4Judo se far\u00e1 representar com uma equipa masculina, e com uma feminina.<\/p>\n","protected":false},"excerpt":{"rendered":"<p>A Associa\u00e7\u00e3o 4Judo Project participou no dia 18 de janeiro, no Campeonato Zonal Norte de Juniores 2025, que se realizou no Pavilh\u00e3o Desportivo de Fontelo, em Viseu, com organiza\u00e7\u00e3o da Associa\u00e7\u00e3o Distrital de Judo de Viseu. Esta \u00e9 uma competi\u00e7\u00e3o importante, por ser o passaporte de acesso ao Campeonato Nacional de Juniores, prova que vai<\/p>\n","protected":false},"author":1,"featured_media":7411,"comment_status":"closed","ping_status":"open","sticky":false,"template":"","format":"standard","meta":{"footnotes":""},"categories":[2,40,41],"tags":[],"class_list":["post-7410","post","type-post","status-publish","format-standard","has-post-thumbnail","hentry","category-judo","category-noticias","category-zonal"],"_links":{"self":[{"href":"https:\/\/4judo.pt\/index.php\/wp-json\/wp\/v2\/posts\/7410","targetHints":{"allow":["GET"]}}],"collection":[{"href":"https:\/\/4judo.pt\/index.php\/wp-json\/wp\/v2\/posts"}],"about":[{"href":"https:\/\/4judo.pt\/index.php\/wp-json\/wp\/v2\/types\/post"}],"author":[{"embeddable":true,"href":"https:\/\/4judo.pt\/index.php\/wp-json\/wp\/v2\/users\/1"}],"replies":[{"embeddable":true,"href":"https:\/\/4judo.pt\/index.php\/wp-json\/wp\/v2\/comments?post=7410"}],"version-history":[{"count":1,"href":"https:\/\/4judo.pt\/index.php\/wp-json\/wp\/v2\/posts\/7410\/revisions"}],"predecessor-version":[{"id":7412,"href":"https:\/\/4judo.pt\/index.php\/wp-json\/wp\/v2\/posts\/7410\/revisions\/7412"}],"wp:featuredmedia":[{"embeddable":true,"href":"https:\/\/4judo.pt\/index.php\/wp-json\/wp\/v2\/media\/7411"}],"wp:attachment":[{"href":"https:\/\/4judo.pt\/index.php\/wp-json\/wp\/v2\/media?parent=7410"}],"wp:term":[{"taxonomy":"category","embeddable":true,"href":"https:\/\/4judo.pt\/index.php\/wp-json\/wp\/v2\/categories?post=7410"},{"taxonomy":"post_tag","embeddable":true,"href":"https:\/\/4judo.pt\/index.php\/wp-json\/wp\/v2\/tags?post=7410"}],"curies":[{"name":"wp","href":"https:\/\/api.w.org\/{rel}","templated":true}]}}