{"id":7419,"date":"2025-02-11T17:40:14","date_gmt":"2025-02-11T17:40:14","guid":{"rendered":"https:\/\/4judo.pt\/?p=7419"},"modified":"2025-02-11T17:40:15","modified_gmt":"2025-02-11T17:40:15","slug":"4judo-project-leva-aveiro-ao-lugar-mais-alto-do-podio-no-nacional-de-juniores-2025","status":"publish","type":"post","link":"https:\/\/4judo.pt\/index.php\/2025\/02\/11\/4judo-project-leva-aveiro-ao-lugar-mais-alto-do-podio-no-nacional-de-juniores-2025\/","title":{"rendered":"4JUDO PROJECT, leva Aveiro ao lugar mais alto do p\u00f3dio no Nacional de Juniores 2025"},"content":{"rendered":"\n<p>Foi neste s\u00e1bado, dia 8 de fevereiro, no Pavilh\u00e3o Patricia Sampaio, em Tomar, que a Associa\u00e7\u00e3o 4Judo Project alcan\u00e7ou novamente mais um marco hist\u00f3rico para Judo Nacional e para o distrito de Aveiro.<\/p>\n\n\n\n<p>Numa das maiores provas do calend\u00e1rio nacional, o Campeonato Nacional de Juniores (sub21), a 4Judo alcan\u00e7a aquela que \u00e9 a t\u00e3o ambicionada medalha de ouro, com Victor Antunes, na categoria de -90kg.&nbsp; A comitiva constitu\u00edda por 11 atletas e 3 treinadores, contagiou o ambiente com a incr\u00edvel determina\u00e7\u00e3o, supera\u00e7\u00e3o, garra e uni\u00e3o, que os levou, t\u00e3o meritoriamente, entre os maiores e mais competitivos clubes do judo nacional, a alcan\u00e7ar uma medalha de Ouro no Campeonato Nacional de juniores de 2025, um bronze, um 7\u00ba lugar, e dois 9\u00ba lugares.<\/p>\n\n\n\n<p>Grande destaque para o atleta Victor Antunes, que, ap\u00f3s a recupera\u00e7\u00e3o de algumas les\u00f5es, que implicaram paragem longa deste jovem atleta na rotina treinos, vence de forma imperativa a categoria de peso -90kg, conquistando o Ouro, e o acesso \u00e1 Sele\u00e7\u00e3o Nacional de Judo Juniores. Guilherme Tavares, na categoria de -73kg, atleta ainda do escal\u00e3o SUb18, fez uma prova extraordin\u00e1ria, sendo apenas derrotado pelo atleta vendedor da categoria em quest\u00e3o, conquistou o bronze, e traz a segunda medalha nacional para a 4Judo Project; fruto desta conquista, Guilherme Tavares ocupar\u00e1 o seu lugar na Sele\u00e7\u00e3o Nacional de Juniores 2025, junto com Victor Antunes.<\/p>\n\n\n\n<p>Embora sem medalhas, a restante equipa dignificou o seu clube, marcou a sua posi\u00e7\u00e3o com combates muito disputados, derrotas e vit\u00f3rias, que culminaram num horroroso 7\u00ba lugar para Leonardo Pata a -66kg, que cedeu no combate imediatamente anterior \u00e1 luta pelo bronze, numa das categorias mais concorridas da prova, e, dois 9\u00ba lugares, Luis Cruz na categoria de -66kg, e Tiago Serrano na categoria de -73kg. Diogo Moreira e Rodrigo Santos a -60kg, Ruben Silva e Rafael Pep\u00ea a -66kg, Manuel Ribeiro a -73kg, e N\u00faria Silva a -63kg, tamb\u00e9m somaram excelentes vit\u00f3rias nesta importante competi\u00e7\u00e3o, contudo n\u00e3o obtiveram classificat\u00f3ria.<\/p>\n\n\n<div class=\"wp-block-image\">\n<figure class=\"aligncenter size-large is-resized\"><img loading=\"lazy\" decoding=\"async\" width=\"576\" height=\"1024\" src=\"https:\/\/4judo.pt\/wp-content\/uploads\/2025\/02\/20250208_184626-576x1024.jpg\" alt=\"\" class=\"wp-image-7421\" style=\"width:335px;height:auto\" srcset=\"https:\/\/4judo.pt\/wp-content\/uploads\/2025\/02\/20250208_184626-576x1024.jpg 576w, https:\/\/4judo.pt\/wp-content\/uploads\/2025\/02\/20250208_184626-169x300.jpg 169w, https:\/\/4judo.pt\/wp-content\/uploads\/2025\/02\/20250208_184626-768x1365.jpg 768w, https:\/\/4judo.pt\/wp-content\/uploads\/2025\/02\/20250208_184626-864x1536.jpg 864w, https:\/\/4judo.pt\/wp-content\/uploads\/2025\/02\/20250208_184626-1152x2048.jpg 1152w, https:\/\/4judo.pt\/wp-content\/uploads\/2025\/02\/20250208_184626-113x200.jpg 113w, https:\/\/4judo.pt\/wp-content\/uploads\/2025\/02\/20250208_184626-225x400.jpg 225w, https:\/\/4judo.pt\/wp-content\/uploads\/2025\/02\/20250208_184626-scaled.jpg 1440w\" sizes=\"auto, (max-width: 576px) 100vw, 576px\" \/><\/figure>\n<\/div>\n\n\n<p>No dia seguinte, a Associa\u00e7\u00e3o 4Judo Project entrou em a\u00e7\u00e3o com a equipa masculina, no Campeonato Nacional de Juniores de 2025. Uma emblem\u00e1tica competi\u00e7\u00e3o, que promove o esprito de grupo de forma muito acentuada, este ano trouxe \u00e1 4Judo um sabor agridoce, um aqu\u00e9m do objetivo tra\u00e7ado. A equipa venceu a primeira ronda 5-0, seguindo de rondas muito equilibradas e muito disputadas, sendo derrotada pela acad\u00e9mica na ronda seguinte por 3-2; repescada pela vitoria da acad\u00e9mica, a 4Judo ganha a primeira ronda da repescagem por 3-2 \u00e1 Lus\u00f3fona, cabe\u00e7a de serie, avan\u00e7ando para a \u00faltima ronda anterior \u00e1 disputa do bronze, onde viria a perder para o Gin\u00e1sio Clube Portugu\u00eas por 3-2. N\u00e3o obstante a garra e a qualidade de cada combate, a equipa tinha tra\u00e7ado caminho ao p\u00f3dio, ciente do que h\u00e1 a melhorar, celebra um honroso 7\u00ba Lugar entre 19 equipas em competi\u00e7\u00e3o.<\/p>\n\n\n\n<p>A equipa foi constitu\u00edda por:<\/p>\n\n\n\n<p>Diogo Moreira -60kg<\/p>\n\n\n\n<p>Rodrigo Santos -60kg<\/p>\n\n\n\n<p>Leonardo Pata -66kg<\/p>\n\n\n\n<p>Ruben Silva -66kg<\/p>\n\n\n\n<p>Guilherme Tavares -73kg<\/p>\n\n\n\n<p>Manuel Ribeiro -73kg<\/p>\n\n\n\n<p>Tiago Serrano -81kg<\/p>\n\n\n\n<p>Masx xxxx -81kg<\/p>\n\n\n\n<p>Victor Antunes +81kg<\/p>\n\n\n\n<p>Os atletas foram acompanhados nesta jornada dupla pelos treinadores Nuno Vieira, Bianca Sousa e Paulo Moreira.<\/p>\n","protected":false},"excerpt":{"rendered":"<p>Foi neste s\u00e1bado, dia 8 de fevereiro, no Pavilh\u00e3o Patricia Sampaio, em Tomar, que a Associa\u00e7\u00e3o 4Judo Project alcan\u00e7ou novamente mais um marco hist\u00f3rico para Judo Nacional e para o distrito de Aveiro. Numa das maiores provas do calend\u00e1rio nacional, o Campeonato Nacional de Juniores (sub21), a 4Judo alcan\u00e7a aquela que \u00e9 a t\u00e3o ambicionada<\/p>\n","protected":false},"author":1,"featured_media":7420,"comment_status":"closed","ping_status":"open","sticky":false,"template":"","format":"standard","meta":{"footnotes":""},"categories":[2,42,40],"tags":[],"class_list":["post-7419","post","type-post","status-publish","format-standard","has-post-thumbnail","hentry","category-judo","category-nacional","category-noticias"],"_links":{"self":[{"href":"https:\/\/4judo.pt\/index.php\/wp-json\/wp\/v2\/posts\/7419","targetHints":{"allow":["GET"]}}],"collection":[{"href":"https:\/\/4judo.pt\/index.php\/wp-json\/wp\/v2\/posts"}],"about":[{"href":"https:\/\/4judo.pt\/index.php\/wp-json\/wp\/v2\/types\/post"}],"author":[{"embeddable":true,"href":"https:\/\/4judo.pt\/index.php\/wp-json\/wp\/v2\/users\/1"}],"replies":[{"embeddable":true,"href":"https:\/\/4judo.pt\/index.php\/wp-json\/wp\/v2\/comments?post=7419"}],"version-history":[{"count":1,"href":"https:\/\/4judo.pt\/index.php\/wp-json\/wp\/v2\/posts\/7419\/revisions"}],"predecessor-version":[{"id":7422,"href":"https:\/\/4judo.pt\/index.php\/wp-json\/wp\/v2\/posts\/7419\/revisions\/7422"}],"wp:featuredmedia":[{"embeddable":true,"href":"https:\/\/4judo.pt\/index.php\/wp-json\/wp\/v2\/media\/7420"}],"wp:attachment":[{"href":"https:\/\/4judo.pt\/index.php\/wp-json\/wp\/v2\/media?parent=7419"}],"wp:term":[{"taxonomy":"category","embeddable":true,"href":"https:\/\/4judo.pt\/index.php\/wp-json\/wp\/v2\/categories?post=7419"},{"taxonomy":"post_tag","embeddable":true,"href":"https:\/\/4judo.pt\/index.php\/wp-json\/wp\/v2\/tags?post=7419"}],"curies":[{"name":"wp","href":"https:\/\/api.w.org\/{rel}","templated":true}]}}