{"id":7436,"date":"2025-03-20T09:04:13","date_gmt":"2025-03-20T09:04:13","guid":{"rendered":"https:\/\/4judo.pt\/?p=7436"},"modified":"2025-03-20T09:04:14","modified_gmt":"2025-03-20T09:04:14","slug":"4judo-project-conquita-2-medalhas-no-campeonato-nacional-de-cadetes-2025","status":"publish","type":"post","link":"https:\/\/4judo.pt\/index.php\/2025\/03\/20\/4judo-project-conquita-2-medalhas-no-campeonato-nacional-de-cadetes-2025\/","title":{"rendered":"4JUDO PROJECT, conquita 2 medalhas no Campeonato Nacional de Cadetes 2025"},"content":{"rendered":"\n<p>Foi neste s\u00e1bado, dia 15 de mar\u00e7o, no Pavilh\u00e3o Municipal de Magra, que a Associa\u00e7\u00e3o 4Judo Project alcan\u00e7ou mais um marco hist\u00f3rico para Judo Nacional e para o distrito de Aveiro.<\/p>\n\n\n\n<p>Numa das maiores provas do calend\u00e1rio nacional, o Campeonato Nacional de Cadetes (sub18), que contou com a participa\u00e7\u00e3o de 95 Clubes, totalizando 330 atletas em prova, a 4Judo Projecto entre os maiores e mais competitivos clubes do judo nacional, carimba dois p\u00f3dios, ao alcan\u00e7ar 2 medalhas de bronze, nas categorias de -57kg e -73kg. A comitiva aveirense, constitu\u00edda por 3 atletas, escalou a prova at\u00e9 \u00e1 disputas das medalhas nas 3 categorias de peso, um feito a destacar, tendo em conta o n\u00edvel da prova, onde a participa\u00e7\u00e3o em cada categoria de peso conta com os melhores atletas a n\u00edvel nacional.<\/p>\n\n\n\n<p>Destaque para N\u00faria Silva na categoria de -57kg, e Guilherme Tavares na categoria de -73kg, os protagonistas das duas medalhas de Bronze, numa prova dif\u00edcil, em que ambos registaram apenas uma \u00fanica derrota impossibilitando o acesso \u00e1 final, subiram ao 3\u00ba lugar do p\u00f3dio e garantiram o seu lugar na Sele\u00e7\u00e3o Nacional de Cadetes. Luana Figueiras na categoria de -63kg, escala a prova at\u00e9 ao combate decisivo do Bronze, onde acaba por ceder, conquistando assim um magnifico 5\u00ba lugar da classificat\u00f3ria nacional. As categorias de peso em quest\u00e3o tiveram em participa\u00e7\u00e3o, 23, 31, e 21 atletas, respetivamente.<\/p>\n\n\n<div class=\"wp-block-image is-style-rounded\">\n<figure class=\"aligncenter size-large is-resized\"><img loading=\"lazy\" decoding=\"async\" width=\"1024\" height=\"768\" src=\"https:\/\/4judo.pt\/wp-content\/uploads\/2025\/03\/IMG-20250315-WA0014-1-1024x768.jpg\" alt=\"\" class=\"wp-image-7439\" style=\"width:592px;height:auto\" srcset=\"https:\/\/4judo.pt\/wp-content\/uploads\/2025\/03\/IMG-20250315-WA0014-1-1024x768.jpg 1024w, https:\/\/4judo.pt\/wp-content\/uploads\/2025\/03\/IMG-20250315-WA0014-1-300x225.jpg 300w, https:\/\/4judo.pt\/wp-content\/uploads\/2025\/03\/IMG-20250315-WA0014-1-768x576.jpg 768w, https:\/\/4judo.pt\/wp-content\/uploads\/2025\/03\/IMG-20250315-WA0014-1-1536x1152.jpg 1536w, https:\/\/4judo.pt\/wp-content\/uploads\/2025\/03\/IMG-20250315-WA0014-1-200x150.jpg 200w, https:\/\/4judo.pt\/wp-content\/uploads\/2025\/03\/IMG-20250315-WA0014-1-533x400.jpg 533w, https:\/\/4judo.pt\/wp-content\/uploads\/2025\/03\/IMG-20250315-WA0014-1.jpg 2000w\" sizes=\"auto, (max-width: 1024px) 100vw, 1024px\" \/><\/figure>\n<\/div>\n\n\n<p>No dia seguinte, a Associa\u00e7\u00e3o 4Judo Project entrou em a\u00e7\u00e3o com a forma\u00e7\u00e3o masculina e feminina, no Campeonato Nacional de Equipas, uma emblem\u00e1tica competi\u00e7\u00e3o, que promove o esprito de grupo de forma muito acentuada, este ano conquistou com a equipa masculina um magn\u00edfico 5\u00ba lugar da classifica\u00e7\u00e3o, num total de 24 equipas em competi\u00e7\u00e3o.<\/p>\n\n\n\n<p>A equipa masculina foi constitu\u00edda por:<\/p>\n\n\n\n<p>Carlos Vicente -55kg<\/p>\n\n\n\n<p>Daniel Durand -55kg<\/p>\n\n\n\n<p>Pedro Silva -60kg<\/p>\n\n\n\n<p>Ricardo Ara\u00fajo -66kg<\/p>\n\n\n\n<p>Guilherme Tavares -73kg<\/p>\n\n\n\n<p>Maksym Vorinin +73kg<\/p>\n\n\n\n<p>Para a equipa feminina, a presta\u00e7\u00e3o este ano n\u00e3o permitiu alcan\u00e7ar o objetivo tra\u00e7ado, perdendo na primeira ronda 3-2, contra os Salesianos.<\/p>\n\n\n\n<p>A equipa feminina foi constitu\u00edda por:<\/p>\n\n\n\n<p>Filipa Acarr\u00e3o -48kg<\/p>\n\n\n\n<p>Mariana Pereira -52kg<\/p>\n\n\n\n<p>N\u00faria Silva -57kg<\/p>\n\n\n\n<p>Luana Figueiras -63kg<\/p>\n\n\n\n<p>Gabriela Silveira +63kg<\/p>\n\n\n\n<p>Os atletas foram acompanhados nesta jornada dupla pelos treinadores Nuno Vieira, e Bianca Sousa.<\/p>\n","protected":false},"excerpt":{"rendered":"<p>Foi neste s\u00e1bado, dia 15 de mar\u00e7o, no Pavilh\u00e3o Municipal de Magra, que a Associa\u00e7\u00e3o 4Judo Project alcan\u00e7ou mais um marco hist\u00f3rico para Judo Nacional e para o distrito de Aveiro. Numa das maiores provas do calend\u00e1rio nacional, o Campeonato Nacional de Cadetes (sub18), que contou com a participa\u00e7\u00e3o de 95 Clubes, totalizando 330 atletas<\/p>\n","protected":false},"author":1,"featured_media":7437,"comment_status":"closed","ping_status":"open","sticky":false,"template":"","format":"standard","meta":{"footnotes":""},"categories":[2,42,40],"tags":[],"class_list":["post-7436","post","type-post","status-publish","format-standard","has-post-thumbnail","hentry","category-judo","category-nacional","category-noticias"],"_links":{"self":[{"href":"https:\/\/4judo.pt\/index.php\/wp-json\/wp\/v2\/posts\/7436","targetHints":{"allow":["GET"]}}],"collection":[{"href":"https:\/\/4judo.pt\/index.php\/wp-json\/wp\/v2\/posts"}],"about":[{"href":"https:\/\/4judo.pt\/index.php\/wp-json\/wp\/v2\/types\/post"}],"author":[{"embeddable":true,"href":"https:\/\/4judo.pt\/index.php\/wp-json\/wp\/v2\/users\/1"}],"replies":[{"embeddable":true,"href":"https:\/\/4judo.pt\/index.php\/wp-json\/wp\/v2\/comments?post=7436"}],"version-history":[{"count":1,"href":"https:\/\/4judo.pt\/index.php\/wp-json\/wp\/v2\/posts\/7436\/revisions"}],"predecessor-version":[{"id":7440,"href":"https:\/\/4judo.pt\/index.php\/wp-json\/wp\/v2\/posts\/7436\/revisions\/7440"}],"wp:featuredmedia":[{"embeddable":true,"href":"https:\/\/4judo.pt\/index.php\/wp-json\/wp\/v2\/media\/7437"}],"wp:attachment":[{"href":"https:\/\/4judo.pt\/index.php\/wp-json\/wp\/v2\/media?parent=7436"}],"wp:term":[{"taxonomy":"category","embeddable":true,"href":"https:\/\/4judo.pt\/index.php\/wp-json\/wp\/v2\/categories?post=7436"},{"taxonomy":"post_tag","embeddable":true,"href":"https:\/\/4judo.pt\/index.php\/wp-json\/wp\/v2\/tags?post=7436"}],"curies":[{"name":"wp","href":"https:\/\/api.w.org\/{rel}","templated":true}]}}