{"id":7442,"date":"2025-04-11T10:09:57","date_gmt":"2025-04-11T10:09:57","guid":{"rendered":"https:\/\/4judo.pt\/?p=7442"},"modified":"2025-04-11T10:09:59","modified_gmt":"2025-04-11T10:09:59","slug":"victor-antunes-da-4judo-em-destaque-no-campeonato-nacional-sub-23","status":"publish","type":"post","link":"https:\/\/4judo.pt\/index.php\/2025\/04\/11\/victor-antunes-da-4judo-em-destaque-no-campeonato-nacional-sub-23\/","title":{"rendered":"VICTOR ANTUNES DA 4JUDO EM DESTAQUE NO CAMPEONATO NACIONAL SUB-23"},"content":{"rendered":"\n<p>A 4JUDO esteve em grande no Campeonato Nacional de Sub-23, realizado em Viseu no passado dia 5 de abril. A equipa esteve representada por cinco atletas, acompanhados pelos treinadores Nuno Vieira e Paulo Moreira. O destaque da competi\u00e7\u00e3o foi Victor Antunes, que brilhou ao conquistar a medalha de bronze na categoria de -90kg.<\/p>\n\n\n\n<p>Vale a pena lembrar que Victor Antunes, em fevereiro deste ano, j\u00e1 havia conquistado o t\u00edtulo de Campe\u00e3o Nacional no escal\u00e3o SUB21, al\u00e9m de ter obtido resultados not\u00e1veis nas etapas do Circuito Europeu de Judo, com o 5\u00ba lugar em M\u00e1laga e o 7\u00ba em Portim\u00e3o. Estes resultados garantiram-lhe os m\u00ednimos necess\u00e1rios para participar no Campeonato da Europa Sub-21, que ter\u00e1 lugar em setembro. Neste fim de semana, Victor Antunes estar\u00e1 tamb\u00e9m presente na Ta\u00e7a da Europa de Lignano, em It\u00e1lia.<\/p>\n\n\n\n<p>Os restantes atletas da 4JUDO \u2014 Diogo Moreira, Leonardo Pata, Rodrigo Santos e Tiago Serrano \u2014 n\u00e3o conseguiram a classifica\u00e7\u00e3o desejada. Apesar da excelente qualidade t\u00e9cnica e da atitude exemplar, n\u00e3o conseguiram ultrapassar os seus advers\u00e1rios nesta competi\u00e7\u00e3o.<\/p>\n\n\n<div class=\"wp-block-image is-style-rounded\">\n<figure class=\"aligncenter size-large is-resized\"><img loading=\"lazy\" decoding=\"async\" width=\"576\" height=\"1024\" src=\"https:\/\/4judo.pt\/wp-content\/uploads\/2025\/04\/20250405_152521-1-576x1024.jpg\" alt=\"\" class=\"wp-image-7446\" style=\"width:382px;height:auto\" srcset=\"https:\/\/4judo.pt\/wp-content\/uploads\/2025\/04\/20250405_152521-1-576x1024.jpg 576w, https:\/\/4judo.pt\/wp-content\/uploads\/2025\/04\/20250405_152521-1-169x300.jpg 169w, https:\/\/4judo.pt\/wp-content\/uploads\/2025\/04\/20250405_152521-1-768x1365.jpg 768w, https:\/\/4judo.pt\/wp-content\/uploads\/2025\/04\/20250405_152521-1-864x1536.jpg 864w, https:\/\/4judo.pt\/wp-content\/uploads\/2025\/04\/20250405_152521-1-1152x2048.jpg 1152w, https:\/\/4judo.pt\/wp-content\/uploads\/2025\/04\/20250405_152521-1-113x200.jpg 113w, https:\/\/4judo.pt\/wp-content\/uploads\/2025\/04\/20250405_152521-1-225x400.jpg 225w, https:\/\/4judo.pt\/wp-content\/uploads\/2025\/04\/20250405_152521-1-scaled.jpg 1440w\" sizes=\"auto, (max-width: 576px) 100vw, 576px\" \/><\/figure>\n<\/div>\n\n\n<p>No dia seguinte, 6 de abril, no mesmo local, realizou-se o Campeonato Nacional de Veteranos, onde a 4JUDO esteve representada por Leandro Silva, que conquistou a medalha de bronze. Al\u00e9m do atleta, a 4JUDO teve uma forte presen\u00e7a no evento com tr\u00eas \u00e1rbitros convocados pela Federa\u00e7\u00e3o Portuguesa de Judo: Nuno Vieira, Jos\u00e9 Louren\u00e7o e Bianca Sousa. A 4JUDO continua a demonstrar a sua for\u00e7a no judo nacional, com atletas e t\u00e9cnicos a alcan\u00e7ar resultados de grande destaque nas competi\u00e7\u00f5es nacionais e internacionais.<\/p>\n\n\n<div class=\"wp-block-image is-style-rounded\">\n<figure class=\"aligncenter size-large is-resized\"><img loading=\"lazy\" decoding=\"async\" width=\"576\" height=\"1024\" src=\"https:\/\/4judo.pt\/wp-content\/uploads\/2025\/04\/20250406_084146-1-576x1024.jpg\" alt=\"\" class=\"wp-image-7447\" style=\"width:452px;height:auto\" srcset=\"https:\/\/4judo.pt\/wp-content\/uploads\/2025\/04\/20250406_084146-1-576x1024.jpg 576w, https:\/\/4judo.pt\/wp-content\/uploads\/2025\/04\/20250406_084146-1-169x300.jpg 169w, https:\/\/4judo.pt\/wp-content\/uploads\/2025\/04\/20250406_084146-1-768x1365.jpg 768w, https:\/\/4judo.pt\/wp-content\/uploads\/2025\/04\/20250406_084146-1-864x1536.jpg 864w, https:\/\/4judo.pt\/wp-content\/uploads\/2025\/04\/20250406_084146-1-1152x2048.jpg 1152w, https:\/\/4judo.pt\/wp-content\/uploads\/2025\/04\/20250406_084146-1-113x200.jpg 113w, https:\/\/4judo.pt\/wp-content\/uploads\/2025\/04\/20250406_084146-1-225x400.jpg 225w, https:\/\/4judo.pt\/wp-content\/uploads\/2025\/04\/20250406_084146-1-scaled.jpg 1440w\" sizes=\"auto, (max-width: 576px) 100vw, 576px\" \/><\/figure>\n<\/div>\n\n\n<p><\/p>\n","protected":false},"excerpt":{"rendered":"<p>A 4JUDO esteve em grande no Campeonato Nacional de Sub-23, realizado em Viseu no passado dia 5 de abril. A equipa esteve representada por cinco atletas, acompanhados pelos treinadores Nuno Vieira e Paulo Moreira. O destaque da competi\u00e7\u00e3o foi Victor Antunes, que brilhou ao conquistar a medalha de bronze na categoria de -90kg. Vale a<\/p>\n","protected":false},"author":1,"featured_media":7443,"comment_status":"closed","ping_status":"open","sticky":false,"template":"","format":"standard","meta":{"footnotes":""},"categories":[2,42,40],"tags":[],"class_list":["post-7442","post","type-post","status-publish","format-standard","has-post-thumbnail","hentry","category-judo","category-nacional","category-noticias"],"_links":{"self":[{"href":"https:\/\/4judo.pt\/index.php\/wp-json\/wp\/v2\/posts\/7442","targetHints":{"allow":["GET"]}}],"collection":[{"href":"https:\/\/4judo.pt\/index.php\/wp-json\/wp\/v2\/posts"}],"about":[{"href":"https:\/\/4judo.pt\/index.php\/wp-json\/wp\/v2\/types\/post"}],"author":[{"embeddable":true,"href":"https:\/\/4judo.pt\/index.php\/wp-json\/wp\/v2\/users\/1"}],"replies":[{"embeddable":true,"href":"https:\/\/4judo.pt\/index.php\/wp-json\/wp\/v2\/comments?post=7442"}],"version-history":[{"count":1,"href":"https:\/\/4judo.pt\/index.php\/wp-json\/wp\/v2\/posts\/7442\/revisions"}],"predecessor-version":[{"id":7448,"href":"https:\/\/4judo.pt\/index.php\/wp-json\/wp\/v2\/posts\/7442\/revisions\/7448"}],"wp:featuredmedia":[{"embeddable":true,"href":"https:\/\/4judo.pt\/index.php\/wp-json\/wp\/v2\/media\/7443"}],"wp:attachment":[{"href":"https:\/\/4judo.pt\/index.php\/wp-json\/wp\/v2\/media?parent=7442"}],"wp:term":[{"taxonomy":"category","embeddable":true,"href":"https:\/\/4judo.pt\/index.php\/wp-json\/wp\/v2\/categories?post=7442"},{"taxonomy":"post_tag","embeddable":true,"href":"https:\/\/4judo.pt\/index.php\/wp-json\/wp\/v2\/tags?post=7442"}],"curies":[{"name":"wp","href":"https:\/\/api.w.org\/{rel}","templated":true}]}}