{"id":7453,"date":"2025-05-05T09:21:55","date_gmt":"2025-05-05T09:21:55","guid":{"rendered":"https:\/\/4judo.pt\/?p=7453"},"modified":"2025-05-05T09:21:57","modified_gmt":"2025-05-05T09:21:57","slug":"4judo-project-com-excelente-desempenho-no-open-de-cadetes-artur-mata-em-lisboa","status":"publish","type":"post","link":"https:\/\/4judo.pt\/index.php\/2025\/05\/05\/4judo-project-com-excelente-desempenho-no-open-de-cadetes-artur-mata-em-lisboa\/","title":{"rendered":"4JUDO PROJECT com excelente desempenho no Open de Cadetes &#8220;Artur Mata&#8221; em Lisboa"},"content":{"rendered":"\n<p>A nossa equipa marcou presen\u00e7a, no passado dia 3 de maio, no Open de Cadetes &#8220;Artur Mata&#8221;, competi\u00e7\u00e3o organizada pela Associa\u00e7\u00e3o Distrital de Judo de Lisboa, que decorreu no Pavilh\u00e3o 1.\u00ba de Maio, em Lisboa.<\/p>\n\n\n\n<p>A comitiva foi composta por oito elementos: sete judocas e o treinador Nuno Vieira. A presta\u00e7\u00e3o dos nossos atletas foi de grande n\u00edvel, com cinco dos sete judocas a alcan\u00e7arem as finais nas respectivas categorias de peso.<\/p>\n\n\n\n<p>Destaque para as tr\u00eas medalhas de ouro conquistadas por&nbsp;Carolina Franco,&nbsp;N\u00faria Silva&nbsp;e&nbsp;Daniel Durand, que demonstraram clara superioridade ao longo da prova.&nbsp;Luana Figueiras&nbsp;e&nbsp;Carlos Vicente&nbsp;tamb\u00e9m estiveram em excelente plano, alcan\u00e7ando a medalha de prata ap\u00f3s percursos muito consistentes.<\/p>\n\n\n\n<p>Os judocas&nbsp;Pedro Silva&nbsp;e&nbsp;Ricardo Ara\u00fajo&nbsp;n\u00e3o conseguiram ultrapassar a primeira ronda, sendo eliminados precocemente. Ainda assim, deixaram bons indicadores e mostraram potencial para evoluir nas pr\u00f3ximas competi\u00e7\u00f5es.<\/p>\n\n\n\n<p>Este resultado reflecte o bom trabalho que tem vindo a ser desenvolvido e refor\u00e7a a confian\u00e7a na evolu\u00e7\u00e3o do grupo de cadetes.<\/p>\n\n\n<div class=\"wp-block-image is-style-default\">\n<figure class=\"aligncenter size-large is-resized\"><img loading=\"lazy\" decoding=\"async\" width=\"2560\" height=\"1920\" src=\"https:\/\/4judo.pt\/wp-content\/uploads\/2025\/05\/1-edited-scaled.jpg\" alt=\"\" class=\"wp-image-7457\" style=\"width:645px;height:auto\" srcset=\"https:\/\/4judo.pt\/wp-content\/uploads\/2025\/05\/1-edited-scaled.jpg 2560w, https:\/\/4judo.pt\/wp-content\/uploads\/2025\/05\/1-edited-300x225.jpg 300w, https:\/\/4judo.pt\/wp-content\/uploads\/2025\/05\/1-edited-1024x768.jpg 1024w, https:\/\/4judo.pt\/wp-content\/uploads\/2025\/05\/1-edited-768x576.jpg 768w, https:\/\/4judo.pt\/wp-content\/uploads\/2025\/05\/1-edited-1536x1152.jpg 1536w, https:\/\/4judo.pt\/wp-content\/uploads\/2025\/05\/1-edited-2048x1536.jpg 2048w, https:\/\/4judo.pt\/wp-content\/uploads\/2025\/05\/1-edited-200x150.jpg 200w, https:\/\/4judo.pt\/wp-content\/uploads\/2025\/05\/1-edited-533x400.jpg 533w\" sizes=\"auto, (max-width: 2560px) 100vw, 2560px\" \/><\/figure>\n<\/div>\n\n\n<p><\/p>\n","protected":false},"excerpt":{"rendered":"<p>A nossa equipa marcou presen\u00e7a, no passado dia 3 de maio, no Open de Cadetes &#8220;Artur Mata&#8221;, competi\u00e7\u00e3o organizada pela Associa\u00e7\u00e3o Distrital de Judo de Lisboa, que decorreu no Pavilh\u00e3o 1.\u00ba de Maio, em Lisboa. A comitiva foi composta por oito elementos: sete judocas e o treinador Nuno Vieira. A presta\u00e7\u00e3o dos nossos atletas foi<\/p>\n","protected":false},"author":1,"featured_media":7457,"comment_status":"closed","ping_status":"open","sticky":false,"template":"","format":"standard","meta":{"footnotes":""},"categories":[2,40,51],"tags":[],"class_list":["post-7453","post","type-post","status-publish","format-standard","has-post-thumbnail","hentry","category-judo","category-noticias","category-open"],"_links":{"self":[{"href":"https:\/\/4judo.pt\/index.php\/wp-json\/wp\/v2\/posts\/7453","targetHints":{"allow":["GET"]}}],"collection":[{"href":"https:\/\/4judo.pt\/index.php\/wp-json\/wp\/v2\/posts"}],"about":[{"href":"https:\/\/4judo.pt\/index.php\/wp-json\/wp\/v2\/types\/post"}],"author":[{"embeddable":true,"href":"https:\/\/4judo.pt\/index.php\/wp-json\/wp\/v2\/users\/1"}],"replies":[{"embeddable":true,"href":"https:\/\/4judo.pt\/index.php\/wp-json\/wp\/v2\/comments?post=7453"}],"version-history":[{"count":1,"href":"https:\/\/4judo.pt\/index.php\/wp-json\/wp\/v2\/posts\/7453\/revisions"}],"predecessor-version":[{"id":7458,"href":"https:\/\/4judo.pt\/index.php\/wp-json\/wp\/v2\/posts\/7453\/revisions\/7458"}],"wp:featuredmedia":[{"embeddable":true,"href":"https:\/\/4judo.pt\/index.php\/wp-json\/wp\/v2\/media\/7457"}],"wp:attachment":[{"href":"https:\/\/4judo.pt\/index.php\/wp-json\/wp\/v2\/media?parent=7453"}],"wp:term":[{"taxonomy":"category","embeddable":true,"href":"https:\/\/4judo.pt\/index.php\/wp-json\/wp\/v2\/categories?post=7453"},{"taxonomy":"post_tag","embeddable":true,"href":"https:\/\/4judo.pt\/index.php\/wp-json\/wp\/v2\/tags?post=7453"}],"curies":[{"name":"wp","href":"https:\/\/api.w.org\/{rel}","templated":true}]}}