{"id":7460,"date":"2025-05-13T08:41:47","date_gmt":"2025-05-13T08:41:47","guid":{"rendered":"https:\/\/4judo.pt\/?p=7460"},"modified":"2025-05-13T08:41:49","modified_gmt":"2025-05-13T08:41:49","slug":"fim-de-semana-em-grande-para-o-4judo-project-com-atividades-em-diversas-frentes","status":"publish","type":"post","link":"https:\/\/4judo.pt\/index.php\/2025\/05\/13\/fim-de-semana-em-grande-para-o-4judo-project-com-atividades-em-diversas-frentes\/","title":{"rendered":"Fim de Semana em Grande para o 4Judo Project com Atividades em Diversas Frentes"},"content":{"rendered":"\n<p>O fim de semana de 10 e 11 de maio foi marcado por uma intensa atividade desportiva e formativa para o&nbsp;4Judo Project, com atletas e treinadores presentes em v\u00e1rias iniciativas de relevo, tanto em territ\u00f3rio nacional como al\u00e9m-fronteiras.<\/p>\n\n\n\n<p>No s\u00e1bado, para al\u00e9m das habituais aulas, o clube esteve representado no&nbsp;Open de Juniores Ana Hormigo, em Castelo Branco, onde os nossos judocas demonstraram grande qualidade competitiva. Os resultados foram os seguintes:<\/p>\n\n\n\n<p>\u2022 Leonardo Pata&nbsp;\u2013 Medalha de Ouro<\/p>\n\n\n\n<p>\u2022 Luanda Figueiras&nbsp;\u2013 Medalha de Ouro<\/p>\n\n\n\n<p>\u2022 Lu\u00eds Cruz&nbsp;\u2013 Medalha de Prata<\/p>\n\n\n\n<p>\u2022 Ruben Silva&nbsp;\u2013 Medalha de Bronze<\/p>\n\n\n\n<p>\u2022 Tiago&nbsp;e&nbsp;Rodrigo&nbsp;\u2013 5.\u00ba lugar, ambos a disputarem medalhas nas suas categorias.<\/p>\n\n\n\n<figure class=\"wp-block-image size-large is-style-rounded\"><img loading=\"lazy\" decoding=\"async\" width=\"1024\" height=\"576\" src=\"https:\/\/4judo.pt\/wp-content\/uploads\/2025\/05\/5-1024x576.jpg\" alt=\"\" class=\"wp-image-7465\" srcset=\"https:\/\/4judo.pt\/wp-content\/uploads\/2025\/05\/5-1024x576.jpg 1024w, https:\/\/4judo.pt\/wp-content\/uploads\/2025\/05\/5-300x169.jpg 300w, https:\/\/4judo.pt\/wp-content\/uploads\/2025\/05\/5-768x432.jpg 768w, https:\/\/4judo.pt\/wp-content\/uploads\/2025\/05\/5-1536x864.jpg 1536w, https:\/\/4judo.pt\/wp-content\/uploads\/2025\/05\/5-2048x1152.jpg 2048w, https:\/\/4judo.pt\/wp-content\/uploads\/2025\/05\/5-200x113.jpg 200w, https:\/\/4judo.pt\/wp-content\/uploads\/2025\/05\/5-711x400.jpg 711w\" sizes=\"auto, (max-width: 1024px) 100vw, 1024px\" \/><\/figure>\n\n\n\n<p>Para al\u00e9m destes resultados,&nbsp; a 4JUDO conquistou o t\u00edtulo de Vice-Campe\u00e3 por equipas na referida competi\u00e7\u00e3o.&nbsp;<\/p>\n\n\n\n<p>Tamb\u00e9m no s\u00e1bado, em&nbsp;Aveiro, decorreu o&nbsp;Curso de Arbitragem promovido pela ADJA, onde o&nbsp;4Judo Project&nbsp;esteve representado por&nbsp;Bianca Sousa, Catarina Alcarr\u00e3o, Gabriela Barbosa e Joel Silva, demonstrando o nosso cont\u00ednuo investimento na forma\u00e7\u00e3o t\u00e9cnica e no desenvolvimento da arbitragem.<\/p>\n\n\n\n<p>No domingo, regress\u00e1mos a Castelo Branco para o&nbsp;Open de Juvenis Mestre Jos\u00e9 Melo, com nova presta\u00e7\u00e3o de excel\u00eancia por parte dos nossos jovens atletas:<\/p>\n\n\n\n<p>\u2022 Leonor Trancoso&nbsp;e&nbsp;Leonardo Silva&nbsp;\u2013 Medalha de Ouro<\/p>\n\n\n\n<p>\u2022 Ema Ribeiro&nbsp;e&nbsp;Mariana Paiva&nbsp;\u2013 Medalha de Prata<\/p>\n\n\n\n<p>\u2022 Jaime Louros&nbsp;\u2013 Medalha de Bronze<\/p>\n\n\n\n<figure class=\"wp-block-image size-large is-style-rounded\"><img loading=\"lazy\" decoding=\"async\" width=\"1024\" height=\"487\" src=\"https:\/\/4judo.pt\/wp-content\/uploads\/2025\/05\/4-1-1024x487.jpg\" alt=\"\" class=\"wp-image-7466\" srcset=\"https:\/\/4judo.pt\/wp-content\/uploads\/2025\/05\/4-1-1024x487.jpg 1024w, https:\/\/4judo.pt\/wp-content\/uploads\/2025\/05\/4-1-300x143.jpg 300w, https:\/\/4judo.pt\/wp-content\/uploads\/2025\/05\/4-1-768x365.jpg 768w, https:\/\/4judo.pt\/wp-content\/uploads\/2025\/05\/4-1-1536x730.jpg 1536w, https:\/\/4judo.pt\/wp-content\/uploads\/2025\/05\/4-1-2048x973.jpg 2048w, https:\/\/4judo.pt\/wp-content\/uploads\/2025\/05\/4-1-200x95.jpg 200w, https:\/\/4judo.pt\/wp-content\/uploads\/2025\/05\/4-1-800x380.jpg 800w\" sizes=\"auto, (max-width: 1024px) 100vw, 1024px\" \/><\/figure>\n\n\n\n<p>Fora de portas, em&nbsp;Madrid,&nbsp;Victor Antunes&nbsp;competiu na&nbsp;2.\u00aa Liga Nacional Espanhola, ao servi\u00e7o do&nbsp;Judo Clube de Avil\u00e9s. O atleta venceu dois dos tr\u00eas combates disputados, contribuindo de forma importante para a pontua\u00e7\u00e3o da equipa nesta primeira jornada da competi\u00e7\u00e3o.<\/p>\n\n\n<div class=\"wp-block-image is-style-rounded\">\n<figure class=\"aligncenter size-large is-resized\"><img loading=\"lazy\" decoding=\"async\" width=\"1440\" height=\"2560\" src=\"https:\/\/4judo.pt\/wp-content\/uploads\/2025\/05\/3-edited-scaled.jpg\" alt=\"\" class=\"wp-image-7463\" style=\"width:435px;height:auto\" srcset=\"https:\/\/4judo.pt\/wp-content\/uploads\/2025\/05\/3-edited-scaled.jpg 1440w, https:\/\/4judo.pt\/wp-content\/uploads\/2025\/05\/3-edited-169x300.jpg 169w, https:\/\/4judo.pt\/wp-content\/uploads\/2025\/05\/3-edited-576x1024.jpg 576w, https:\/\/4judo.pt\/wp-content\/uploads\/2025\/05\/3-edited-768x1365.jpg 768w, https:\/\/4judo.pt\/wp-content\/uploads\/2025\/05\/3-edited-864x1536.jpg 864w, https:\/\/4judo.pt\/wp-content\/uploads\/2025\/05\/3-edited-1152x2048.jpg 1152w, https:\/\/4judo.pt\/wp-content\/uploads\/2025\/05\/3-edited-113x200.jpg 113w, https:\/\/4judo.pt\/wp-content\/uploads\/2025\/05\/3-edited-225x400.jpg 225w\" sizes=\"auto, (max-width: 1440px) 100vw, 1440px\" \/><\/figure>\n<\/div>\n\n\n<p>Foi, sem d\u00favida, um fim de semana repleto de dedica\u00e7\u00e3o, esfor\u00e7o e excelentes resultados para o&nbsp;4Judo Project. Parab\u00e9ns a todos os atletas, treinadores e representantes que, com o seu trabalho, continuam a elevar o nome do clube!<\/p>\n","protected":false},"excerpt":{"rendered":"<p>O fim de semana de 10 e 11 de maio foi marcado por uma intensa atividade desportiva e formativa para o&nbsp;4Judo Project, com atletas e treinadores presentes em v\u00e1rias iniciativas de relevo, tanto em territ\u00f3rio nacional como al\u00e9m-fronteiras. No s\u00e1bado, para al\u00e9m das habituais aulas, o clube esteve representado no&nbsp;Open de Juniores Ana Hormigo, em<\/p>\n","protected":false},"author":1,"featured_media":7465,"comment_status":"closed","ping_status":"open","sticky":false,"template":"","format":"standard","meta":{"footnotes":""},"categories":[2,40,51],"tags":[],"class_list":["post-7460","post","type-post","status-publish","format-standard","has-post-thumbnail","hentry","category-judo","category-noticias","category-open"],"_links":{"self":[{"href":"https:\/\/4judo.pt\/index.php\/wp-json\/wp\/v2\/posts\/7460","targetHints":{"allow":["GET"]}}],"collection":[{"href":"https:\/\/4judo.pt\/index.php\/wp-json\/wp\/v2\/posts"}],"about":[{"href":"https:\/\/4judo.pt\/index.php\/wp-json\/wp\/v2\/types\/post"}],"author":[{"embeddable":true,"href":"https:\/\/4judo.pt\/index.php\/wp-json\/wp\/v2\/users\/1"}],"replies":[{"embeddable":true,"href":"https:\/\/4judo.pt\/index.php\/wp-json\/wp\/v2\/comments?post=7460"}],"version-history":[{"count":1,"href":"https:\/\/4judo.pt\/index.php\/wp-json\/wp\/v2\/posts\/7460\/revisions"}],"predecessor-version":[{"id":7467,"href":"https:\/\/4judo.pt\/index.php\/wp-json\/wp\/v2\/posts\/7460\/revisions\/7467"}],"wp:featuredmedia":[{"embeddable":true,"href":"https:\/\/4judo.pt\/index.php\/wp-json\/wp\/v2\/media\/7465"}],"wp:attachment":[{"href":"https:\/\/4judo.pt\/index.php\/wp-json\/wp\/v2\/media?parent=7460"}],"wp:term":[{"taxonomy":"category","embeddable":true,"href":"https:\/\/4judo.pt\/index.php\/wp-json\/wp\/v2\/categories?post=7460"},{"taxonomy":"post_tag","embeddable":true,"href":"https:\/\/4judo.pt\/index.php\/wp-json\/wp\/v2\/tags?post=7460"}],"curies":[{"name":"wp","href":"https:\/\/api.w.org\/{rel}","templated":true}]}}