{"id":7481,"date":"2025-06-30T10:37:24","date_gmt":"2025-06-30T10:37:24","guid":{"rendered":"https:\/\/4judo.pt\/?p=7481"},"modified":"2025-06-30T10:37:27","modified_gmt":"2025-06-30T10:37:27","slug":"4judo-project-em-destaque-nas-competicoes-nacionais-e-internacionais","status":"publish","type":"post","link":"https:\/\/4judo.pt\/index.php\/2025\/06\/30\/4judo-project-em-destaque-nas-competicoes-nacionais-e-internacionais\/","title":{"rendered":"4JUDO PROJECT em destaque nas competi\u00e7\u00f5es nacionais e internacionais"},"content":{"rendered":"\n<p>O final de junho foi sin\u00f3nimo de intensa atividade competitiva para os atletas do 4JUDO PROJECT, que marcaram presen\u00e7a em provas de relevo tanto em territ\u00f3rio nacional como al\u00e9m-fronteiras.<\/p>\n\n\n\n<p>\ud83c\uddea\ud83c\uddfa Guilherme Tavares no Campeonato da Europa de Cadetes<\/p>\n\n\n\n<p>No dia 27 de junho, o atleta Guilherme Tavares representou Portugal no Campeonato da Europa de Cadetes, onde defrontou alguns dos melhores judocas europeus da sua categoria. Guilherme entrou da melhor forma na competi\u00e7\u00e3o, vencendo o seu primeiro combate frente ao atleta do Chipre, mas viria a ser eliminado na segunda ronda pelo representante da Cro\u00e1cia, terminando assim a sua participa\u00e7\u00e3o na prova.<\/p>\n\n\n<div class=\"wp-block-image is-style-rounded\">\n<figure class=\"aligncenter size-large is-resized\"><img loading=\"lazy\" decoding=\"async\" width=\"768\" height=\"1024\" src=\"https:\/\/4judo.pt\/wp-content\/uploads\/2025\/06\/1000019813-768x1024.jpg\" alt=\"\" class=\"wp-image-7482\" style=\"width:509px;height:auto\" srcset=\"https:\/\/4judo.pt\/wp-content\/uploads\/2025\/06\/1000019813-768x1024.jpg 768w, https:\/\/4judo.pt\/wp-content\/uploads\/2025\/06\/1000019813-225x300.jpg 225w, https:\/\/4judo.pt\/wp-content\/uploads\/2025\/06\/1000019813-1152x1536.jpg 1152w, https:\/\/4judo.pt\/wp-content\/uploads\/2025\/06\/1000019813-1536x2048.jpg 1536w, https:\/\/4judo.pt\/wp-content\/uploads\/2025\/06\/1000019813-150x200.jpg 150w, https:\/\/4judo.pt\/wp-content\/uploads\/2025\/06\/1000019813-300x400.jpg 300w, https:\/\/4judo.pt\/wp-content\/uploads\/2025\/06\/1000019813-scaled.jpg 1920w\" sizes=\"auto, (max-width: 768px) 100vw, 768px\" \/><\/figure>\n<\/div>\n\n\n<p>Apesar da elimina\u00e7\u00e3o, Guilherme mant\u00e9m o foco e prepara-se agora para um dos grandes eventos do ano: o Festival Ol\u00edmpico da Juventude Europeia, que ter\u00e1 lugar no final de julho em Skopje, na Maced\u00f3nia do Norte.<\/p>\n\n\n\n<p>\ud83c\uddea\ud83c\uddf8 Victor Antunes vence categoricamente na liga espanhola s\u00e9nior<\/p>\n\n\n\n<p>No mesmo fim-de-semana, o judoca Victor Antunes, tamb\u00e9m do 4JUDO PROJECT, esteve em Madrid a competir na 3.\u00aa etapa da Segunda Liga Espanhola S\u00e9nior, em representa\u00e7\u00e3o do clube espanhol Judo Avil\u00e9s. Victor realizou quatro combates, tendo vencido todos de forma categ\u00f3rica, demonstrando a sua excelente forma e capacidade competitiva no escal\u00e3o s\u00e9nior.<\/p>\n\n\n<div class=\"wp-block-image is-style-rounded\">\n<figure class=\"aligncenter size-large is-resized\"><img loading=\"lazy\" decoding=\"async\" width=\"768\" height=\"1024\" src=\"https:\/\/4judo.pt\/wp-content\/uploads\/2025\/06\/1000020222-768x1024.jpg\" alt=\"\" class=\"wp-image-7483\" style=\"width:508px;height:auto\" srcset=\"https:\/\/4judo.pt\/wp-content\/uploads\/2025\/06\/1000020222-768x1024.jpg 768w, https:\/\/4judo.pt\/wp-content\/uploads\/2025\/06\/1000020222-225x300.jpg 225w, https:\/\/4judo.pt\/wp-content\/uploads\/2025\/06\/1000020222-1152x1536.jpg 1152w, https:\/\/4judo.pt\/wp-content\/uploads\/2025\/06\/1000020222-1536x2048.jpg 1536w, https:\/\/4judo.pt\/wp-content\/uploads\/2025\/06\/1000020222-150x200.jpg 150w, https:\/\/4judo.pt\/wp-content\/uploads\/2025\/06\/1000020222-300x400.jpg 300w, https:\/\/4judo.pt\/wp-content\/uploads\/2025\/06\/1000020222-scaled.jpg 1920w\" sizes=\"auto, (max-width: 768px) 100vw, 768px\" \/><\/figure>\n<\/div>\n\n\n<p>\ud83c\uddf5\ud83c\uddf9 Campeonato Nacional de Juvenis \u2013 Aveiro 2025<\/p>\n\n\n\n<p>Entre os dias 28 e 29 de junho, o 4JUDO PROJECT esteve presente no Campeonato Nacional de Juvenis, que decorreu em Aveiro, tanto na vertente individual como na prova de equipas femininas. Os atletas foram acompanhados pelos treinadores Nuno Vieira e Paulo Moreira.<\/p>\n\n\n\n<p>\ud83e\udd4b Resultados \u2013 Prova Individual<\/p>\n\n\n\n<p>Leonor Trancoso \u2013 \ud83e\udd49 3.\u00ba lugar em -63kg<\/p>\n\n\n<div class=\"wp-block-image is-style-rounded\">\n<figure class=\"aligncenter size-large is-resized\"><img loading=\"lazy\" decoding=\"async\" width=\"1024\" height=\"768\" src=\"https:\/\/4judo.pt\/wp-content\/uploads\/2025\/06\/1000020475-1024x768.jpg\" alt=\"\" class=\"wp-image-7486\" style=\"width:621px;height:auto\" srcset=\"https:\/\/4judo.pt\/wp-content\/uploads\/2025\/06\/1000020475-1024x768.jpg 1024w, https:\/\/4judo.pt\/wp-content\/uploads\/2025\/06\/1000020475-300x225.jpg 300w, https:\/\/4judo.pt\/wp-content\/uploads\/2025\/06\/1000020475-768x576.jpg 768w, https:\/\/4judo.pt\/wp-content\/uploads\/2025\/06\/1000020475-1536x1152.jpg 1536w, https:\/\/4judo.pt\/wp-content\/uploads\/2025\/06\/1000020475-2048x1536.jpg 2048w, https:\/\/4judo.pt\/wp-content\/uploads\/2025\/06\/1000020475-200x150.jpg 200w, https:\/\/4judo.pt\/wp-content\/uploads\/2025\/06\/1000020475-533x400.jpg 533w\" sizes=\"auto, (max-width: 1024px) 100vw, 1024px\" \/><\/figure>\n<\/div>\n\n\n<p>Mariana Paiva \u2013 7.\u00ba lugar em -48kg<\/p>\n\n\n\n<p>Gabriel Reis \u2013 9.\u00ba lugar em -42kg<\/p>\n\n\n\n<p>Tom\u00e1s Silva \u2013 9.\u00ba lugar em -55kg<\/p>\n\n\n\n<p>Ema Ribeiro \u2013 N\u00e3o classificada em -63kg<\/p>\n\n\n\n<p>Leonardo Silva \u2013 N\u00e3o classificado em -66kg<\/p>\n\n\n\n<figure class=\"wp-block-image size-large is-style-rounded\"><img loading=\"lazy\" decoding=\"async\" width=\"1024\" height=\"768\" src=\"https:\/\/4judo.pt\/wp-content\/uploads\/2025\/06\/1000020082-1024x768.jpg\" alt=\"\" class=\"wp-image-7484\" srcset=\"https:\/\/4judo.pt\/wp-content\/uploads\/2025\/06\/1000020082-1024x768.jpg 1024w, https:\/\/4judo.pt\/wp-content\/uploads\/2025\/06\/1000020082-300x225.jpg 300w, https:\/\/4judo.pt\/wp-content\/uploads\/2025\/06\/1000020082-768x576.jpg 768w, https:\/\/4judo.pt\/wp-content\/uploads\/2025\/06\/1000020082-1536x1152.jpg 1536w, https:\/\/4judo.pt\/wp-content\/uploads\/2025\/06\/1000020082-200x150.jpg 200w, https:\/\/4judo.pt\/wp-content\/uploads\/2025\/06\/1000020082-533x400.jpg 533w, https:\/\/4judo.pt\/wp-content\/uploads\/2025\/06\/1000020082.jpg 1600w\" sizes=\"auto, (max-width: 1024px) 100vw, 1024px\" \/><\/figure>\n\n\n\n<p>\ud83e\udd4b Prova por Equipas Femininas<\/p>\n\n\n\n<p>Equipa Feminina \u2013 5.\u00ba lugar nacional<\/p>\n\n\n\n<figure class=\"wp-block-image size-large is-style-rounded\"><img loading=\"lazy\" decoding=\"async\" width=\"1024\" height=\"768\" src=\"https:\/\/4judo.pt\/wp-content\/uploads\/2025\/06\/1000020395-1024x768.jpg\" alt=\"\" class=\"wp-image-7485\" srcset=\"https:\/\/4judo.pt\/wp-content\/uploads\/2025\/06\/1000020395-1024x768.jpg 1024w, https:\/\/4judo.pt\/wp-content\/uploads\/2025\/06\/1000020395-300x225.jpg 300w, https:\/\/4judo.pt\/wp-content\/uploads\/2025\/06\/1000020395-768x576.jpg 768w, https:\/\/4judo.pt\/wp-content\/uploads\/2025\/06\/1000020395-1536x1152.jpg 1536w, https:\/\/4judo.pt\/wp-content\/uploads\/2025\/06\/1000020395-2048x1536.jpg 2048w, https:\/\/4judo.pt\/wp-content\/uploads\/2025\/06\/1000020395-200x150.jpg 200w, https:\/\/4judo.pt\/wp-content\/uploads\/2025\/06\/1000020395-533x400.jpg 533w\" sizes=\"auto, (max-width: 1024px) 100vw, 1024px\" \/><\/figure>\n\n\n\n<p>Al\u00e9m da participa\u00e7\u00e3o desportiva, o 4JUDO PROJECT tamb\u00e9m esteve representado ao n\u00edvel organizativo, com Bianca Sousa, Jos\u00e9 Louren\u00e7o, Catarina Alcarr\u00e3o e Gabriela Barbosa a exercerem fun\u00e7\u00f5es de arbitragem e marcadores durante o evento.<\/p>\n\n\n\n<p>O 4JUDO PROJECT continua assim a afirmar-se como uma refer\u00eancia na forma\u00e7\u00e3o de jovens judocas, com presen\u00e7a ativa e resultados relevantes nas principais competi\u00e7\u00f5es nacionais e internacionais.<\/p>\n","protected":false},"excerpt":{"rendered":"<p>O final de junho foi sin\u00f3nimo de intensa atividade competitiva para os atletas do 4JUDO PROJECT, que marcaram presen\u00e7a em provas de relevo tanto em territ\u00f3rio nacional como al\u00e9m-fronteiras. \ud83c\uddea\ud83c\uddfa Guilherme Tavares no Campeonato da Europa de Cadetes No dia 27 de junho, o atleta Guilherme Tavares representou Portugal no Campeonato da Europa de Cadetes,<\/p>\n","protected":false},"author":1,"featured_media":7482,"comment_status":"closed","ping_status":"open","sticky":false,"template":"","format":"standard","meta":{"footnotes":""},"categories":[50,2,42,40],"tags":[],"class_list":["post-7481","post","type-post","status-publish","format-standard","has-post-thumbnail","hentry","category-internacional","category-judo","category-nacional","category-noticias"],"_links":{"self":[{"href":"https:\/\/4judo.pt\/index.php\/wp-json\/wp\/v2\/posts\/7481","targetHints":{"allow":["GET"]}}],"collection":[{"href":"https:\/\/4judo.pt\/index.php\/wp-json\/wp\/v2\/posts"}],"about":[{"href":"https:\/\/4judo.pt\/index.php\/wp-json\/wp\/v2\/types\/post"}],"author":[{"embeddable":true,"href":"https:\/\/4judo.pt\/index.php\/wp-json\/wp\/v2\/users\/1"}],"replies":[{"embeddable":true,"href":"https:\/\/4judo.pt\/index.php\/wp-json\/wp\/v2\/comments?post=7481"}],"version-history":[{"count":1,"href":"https:\/\/4judo.pt\/index.php\/wp-json\/wp\/v2\/posts\/7481\/revisions"}],"predecessor-version":[{"id":7487,"href":"https:\/\/4judo.pt\/index.php\/wp-json\/wp\/v2\/posts\/7481\/revisions\/7487"}],"wp:featuredmedia":[{"embeddable":true,"href":"https:\/\/4judo.pt\/index.php\/wp-json\/wp\/v2\/media\/7482"}],"wp:attachment":[{"href":"https:\/\/4judo.pt\/index.php\/wp-json\/wp\/v2\/media?parent=7481"}],"wp:term":[{"taxonomy":"category","embeddable":true,"href":"https:\/\/4judo.pt\/index.php\/wp-json\/wp\/v2\/categories?post=7481"},{"taxonomy":"post_tag","embeddable":true,"href":"https:\/\/4judo.pt\/index.php\/wp-json\/wp\/v2\/tags?post=7481"}],"curies":[{"name":"wp","href":"https:\/\/api.w.org\/{rel}","templated":true}]}}