{"id":7489,"date":"2025-07-08T10:01:42","date_gmt":"2025-07-08T10:01:42","guid":{"rendered":"https:\/\/4judo.pt\/?p=7489"},"modified":"2025-07-08T10:01:44","modified_gmt":"2025-07-08T10:01:44","slug":"4judo-project-em-destaque-no-open-eurocidade-de-cadetes-em-valenca-do-minho","status":"publish","type":"post","link":"https:\/\/4judo.pt\/index.php\/2025\/07\/08\/4judo-project-em-destaque-no-open-eurocidade-de-cadetes-em-valenca-do-minho\/","title":{"rendered":"4Judo Project em destaque no Open Eurocidade de Cadetes, em Valen\u00e7a do Minho"},"content":{"rendered":"\n<p>No passado dia 5 de julho, a 4Judo Project participou no Open Eurocidade de Cadetes, realizado em Valen\u00e7a do Minho, com uma excelente presta\u00e7\u00e3o dos seus jovens judocas. A comitiva foi composta por sete atletas, sendo que seis deles disputaram combates de medalhas, evidenciando o trabalho consistente que tem vindo a ser desenvolvido pelo clube.<\/p>\n\n\n<div class=\"wp-block-image is-style-rounded\">\n<figure class=\"aligncenter size-large is-resized\"><img loading=\"lazy\" decoding=\"async\" width=\"1024\" height=\"768\" src=\"https:\/\/4judo.pt\/wp-content\/uploads\/2025\/07\/1000021103-1-1024x768.jpg\" alt=\"\" class=\"wp-image-7492\" style=\"width:705px;height:auto\" srcset=\"https:\/\/4judo.pt\/wp-content\/uploads\/2025\/07\/1000021103-1-1024x768.jpg 1024w, https:\/\/4judo.pt\/wp-content\/uploads\/2025\/07\/1000021103-1-300x225.jpg 300w, https:\/\/4judo.pt\/wp-content\/uploads\/2025\/07\/1000021103-1-768x576.jpg 768w, https:\/\/4judo.pt\/wp-content\/uploads\/2025\/07\/1000021103-1-1536x1152.jpg 1536w, https:\/\/4judo.pt\/wp-content\/uploads\/2025\/07\/1000021103-1-2048x1536.jpg 2048w, https:\/\/4judo.pt\/wp-content\/uploads\/2025\/07\/1000021103-1-200x150.jpg 200w, https:\/\/4judo.pt\/wp-content\/uploads\/2025\/07\/1000021103-1-533x400.jpg 533w\" sizes=\"auto, (max-width: 1024px) 100vw, 1024px\" \/><\/figure>\n<\/div>\n\n\n<p>\ud83e\udd47 Medalhas de Ouro:<\/p>\n\n\n\n<p>Daniel Durand (-55kg)<\/p>\n\n\n\n<p>Carolina Franco (-48kg)<\/p>\n\n\n\n<p>N\u00faria Silva (-63kg)<\/p>\n\n\n\n<p>\ud83e\udd48 Medalha de Prata:<\/p>\n\n\n\n<p>Carlos Vicente (-55kg)<\/p>\n\n\n\n<p>Outras classifica\u00e7\u00f5es de relevo:<\/p>\n\n\n\n<p>5.\u00ba lugar: Alexandre Santos e Pedro Silva<\/p>\n\n\n\n<p>7.\u00ba lugar: Ricardo Ara\u00fajo<\/p>\n\n\n\n<p>Esta prova contou para o ranking nacional de cadetes, sendo, por isso, uma etapa importante no percurso competitivo destes jovens atletas.<\/p>\n\n\n\n<p>A 4Judo Project volta a entrar em ac\u00e7\u00e3o j\u00e1 no pr\u00f3ximo fim de semana, com 13 judocas a participar nos Torneios Internacionais Patr\u00edcia Sampaio e XI de Cadetes, que se realizam na cidade de Tomar nos dias 12 e 13 de julho respetivamente. A comitiva ser\u00e1 acompanhada pelos treinadores Bianca Sousa e Paulo Moreira.<\/p>\n\n\n\n<p>Paralelamente, o atleta Victor Antunes competir\u00e1 na Ta\u00e7a da Europa de Juniores, em Paks, na Hungria, em representa\u00e7\u00e3o da sele\u00e7\u00e3o Nacional, o atleta ser\u00e1 acompanhado peloo treinador Nuno Vieira.<\/p>\n\n\n<div class=\"wp-block-image is-style-default\">\n<figure class=\"aligncenter size-large is-resized\"><img loading=\"lazy\" decoding=\"async\" width=\"800\" height=\"1024\" src=\"https:\/\/4judo.pt\/wp-content\/uploads\/2025\/07\/1000020801-800x1024.png\" alt=\"\" class=\"wp-image-7491\" style=\"width:553px;height:auto\" srcset=\"https:\/\/4judo.pt\/wp-content\/uploads\/2025\/07\/1000020801-800x1024.png 800w, https:\/\/4judo.pt\/wp-content\/uploads\/2025\/07\/1000020801-234x300.png 234w, https:\/\/4judo.pt\/wp-content\/uploads\/2025\/07\/1000020801-768x983.png 768w, https:\/\/4judo.pt\/wp-content\/uploads\/2025\/07\/1000020801-156x200.png 156w, https:\/\/4judo.pt\/wp-content\/uploads\/2025\/07\/1000020801-313x400.png 313w, https:\/\/4judo.pt\/wp-content\/uploads\/2025\/07\/1000020801.png 1079w\" sizes=\"auto, (max-width: 800px) 100vw, 800px\" \/><\/figure>\n<\/div>\n\n\n<p>Parab\u00e9ns a todos os atletas e equipa t\u00e9cnica pelo empenho e pelos excelentes resultados!<\/p>\n","protected":false},"excerpt":{"rendered":"<p>No passado dia 5 de julho, a 4Judo Project participou no Open Eurocidade de Cadetes, realizado em Valen\u00e7a do Minho, com uma excelente presta\u00e7\u00e3o dos seus jovens judocas. A comitiva foi composta por sete atletas, sendo que seis deles disputaram combates de medalhas, evidenciando o trabalho consistente que tem vindo a ser desenvolvido pelo clube.<\/p>\n","protected":false},"author":1,"featured_media":7490,"comment_status":"closed","ping_status":"open","sticky":false,"template":"","format":"standard","meta":{"footnotes":""},"categories":[2,40,51],"tags":[],"class_list":["post-7489","post","type-post","status-publish","format-standard","has-post-thumbnail","hentry","category-judo","category-noticias","category-open"],"_links":{"self":[{"href":"https:\/\/4judo.pt\/index.php\/wp-json\/wp\/v2\/posts\/7489","targetHints":{"allow":["GET"]}}],"collection":[{"href":"https:\/\/4judo.pt\/index.php\/wp-json\/wp\/v2\/posts"}],"about":[{"href":"https:\/\/4judo.pt\/index.php\/wp-json\/wp\/v2\/types\/post"}],"author":[{"embeddable":true,"href":"https:\/\/4judo.pt\/index.php\/wp-json\/wp\/v2\/users\/1"}],"replies":[{"embeddable":true,"href":"https:\/\/4judo.pt\/index.php\/wp-json\/wp\/v2\/comments?post=7489"}],"version-history":[{"count":1,"href":"https:\/\/4judo.pt\/index.php\/wp-json\/wp\/v2\/posts\/7489\/revisions"}],"predecessor-version":[{"id":7493,"href":"https:\/\/4judo.pt\/index.php\/wp-json\/wp\/v2\/posts\/7489\/revisions\/7493"}],"wp:featuredmedia":[{"embeddable":true,"href":"https:\/\/4judo.pt\/index.php\/wp-json\/wp\/v2\/media\/7490"}],"wp:attachment":[{"href":"https:\/\/4judo.pt\/index.php\/wp-json\/wp\/v2\/media?parent=7489"}],"wp:term":[{"taxonomy":"category","embeddable":true,"href":"https:\/\/4judo.pt\/index.php\/wp-json\/wp\/v2\/categories?post=7489"},{"taxonomy":"post_tag","embeddable":true,"href":"https:\/\/4judo.pt\/index.php\/wp-json\/wp\/v2\/tags?post=7489"}],"curies":[{"name":"wp","href":"https:\/\/api.w.org\/{rel}","templated":true}]}}