{"id":7494,"date":"2025-07-15T08:05:16","date_gmt":"2025-07-15T08:05:16","guid":{"rendered":"https:\/\/4judo.pt\/?p=7494"},"modified":"2025-07-15T08:05:17","modified_gmt":"2025-07-15T08:05:17","slug":"victor-antunes-em-destaque-na-european-junior-cup-paks-2025","status":"publish","type":"post","link":"https:\/\/4judo.pt\/index.php\/2025\/07\/15\/victor-antunes-em-destaque-na-european-junior-cup-paks-2025\/","title":{"rendered":"Victor Antunes em destaque na European Junior Cup Paks 2025"},"content":{"rendered":"\n<p>Decorreu este fim de semana, na cidade de Paks, na Hungria, mais uma etapa da European Junior Cup 2025, competi\u00e7\u00e3o de refer\u00eancia no circuito europeu de judo para atletas juniores. Portugal esteve representado por v\u00e1rios judocas, entre os quais Victor Antunes, da 4JUDO PROJECT, convocado pela Federa\u00e7\u00e3o Portuguesa de Judo.<\/p>\n\n\n\n<p>O jovem judoca competiu na exigente categoria de -90 kg, que contou com 43 atletas em prova, alcan\u00e7ando um honroso 7.\u00ba lugar, refor\u00e7ando assim a sua posi\u00e7\u00e3o entre os melhores da Europa no seu escal\u00e3o.<\/p>\n\n\n\n<p>Victor Antunes voltou a demonstrar a sua consist\u00eancia competitiva. Na primeira ronda, venceu um atleta da casa, da Hungria, e na segunda eliminat\u00f3ria superou o representante de It\u00e1lia. Nos quartos-de-final, enfrentou um atleta da B\u00e9lgica, num combate equilibrado em que acabou por ceder pela margem m\u00ednima.<\/p>\n\n\n\n<p>Remetido para a repescagem, reagiu com grande determina\u00e7\u00e3o, derrotando de forma categ\u00f3rica o cabe\u00e7a de s\u00e9rie n.\u00ba 1 da prova, atleta da Venezuela. Na final da repescagem, que dava acesso \u00e0 disputa pela medalha de bronze, cedeu perante o representante de Israel, terminando assim no 7.\u00ba posto final.<\/p>\n\n\n\n<p>O treinador Nuno Vieira, que acompanhou o atleta, sublinhou o progresso do judoca:<\/p>\n\n\n\n<p>\u201c\u00c9 um orgulho enorme ver, de prova para prova, o crescimento do Victor. Est\u00e1 a construir um percurso s\u00f3lido e muito promissor.\u201d<\/p>\n\n\n\n<p>Este resultado junta-se aos j\u00e1 alcan\u00e7ados por Victor Antunes ao longo de 2025, ano em que se sagrou Campe\u00e3o Nacional de Sub-21 e conquistou a medalha de bronze nos Sub-23, al\u00e9m de somar j\u00e1 tr\u00eas classifica\u00e7\u00f5es de relevo em provas internacionais. A pr\u00f3xima paragem ser\u00e1 a European Junior Cup de Birmingham, ainda durante este ver\u00e3o. O objectivo passa por continuar a somar experi\u00eancia internacional antes do Campeonato da Europa de Juniores, agendado para o primeiro fim de semana de Setembro, prova para a qual Victor j\u00e1 garantiu os m\u00ednimos e tem presen\u00e7a assegurada.<\/p>\n\n\n<div class=\"wp-block-image is-style-rounded\">\n<figure class=\"aligncenter size-large is-resized\"><img loading=\"lazy\" decoding=\"async\" width=\"768\" height=\"1024\" src=\"https:\/\/4judo.pt\/wp-content\/uploads\/2025\/07\/victor-antunes-768x1024.jpg\" alt=\"\" class=\"wp-image-7495\" style=\"width:653px;height:auto\" srcset=\"https:\/\/4judo.pt\/wp-content\/uploads\/2025\/07\/victor-antunes-768x1024.jpg 768w, https:\/\/4judo.pt\/wp-content\/uploads\/2025\/07\/victor-antunes-225x300.jpg 225w, https:\/\/4judo.pt\/wp-content\/uploads\/2025\/07\/victor-antunes-1152x1536.jpg 1152w, https:\/\/4judo.pt\/wp-content\/uploads\/2025\/07\/victor-antunes-1536x2048.jpg 1536w, https:\/\/4judo.pt\/wp-content\/uploads\/2025\/07\/victor-antunes-150x200.jpg 150w, https:\/\/4judo.pt\/wp-content\/uploads\/2025\/07\/victor-antunes-300x400.jpg 300w, https:\/\/4judo.pt\/wp-content\/uploads\/2025\/07\/victor-antunes-scaled.jpg 1920w\" sizes=\"auto, (max-width: 768px) 100vw, 768px\" \/><\/figure>\n<\/div>\n\n\n<p><br><\/p>\n","protected":false},"excerpt":{"rendered":"<p>Decorreu este fim de semana, na cidade de Paks, na Hungria, mais uma etapa da European Junior Cup 2025, competi\u00e7\u00e3o de refer\u00eancia no circuito europeu de judo para atletas juniores. Portugal esteve representado por v\u00e1rios judocas, entre os quais Victor Antunes, da 4JUDO PROJECT, convocado pela Federa\u00e7\u00e3o Portuguesa de Judo. O jovem judoca competiu na<\/p>\n","protected":false},"author":1,"featured_media":7495,"comment_status":"closed","ping_status":"open","sticky":false,"template":"","format":"standard","meta":{"footnotes":""},"categories":[54,2,40],"tags":[],"class_list":["post-7494","post","type-post","status-publish","format-standard","has-post-thumbnail","hentry","category-europeu","category-judo","category-noticias"],"_links":{"self":[{"href":"https:\/\/4judo.pt\/index.php\/wp-json\/wp\/v2\/posts\/7494","targetHints":{"allow":["GET"]}}],"collection":[{"href":"https:\/\/4judo.pt\/index.php\/wp-json\/wp\/v2\/posts"}],"about":[{"href":"https:\/\/4judo.pt\/index.php\/wp-json\/wp\/v2\/types\/post"}],"author":[{"embeddable":true,"href":"https:\/\/4judo.pt\/index.php\/wp-json\/wp\/v2\/users\/1"}],"replies":[{"embeddable":true,"href":"https:\/\/4judo.pt\/index.php\/wp-json\/wp\/v2\/comments?post=7494"}],"version-history":[{"count":1,"href":"https:\/\/4judo.pt\/index.php\/wp-json\/wp\/v2\/posts\/7494\/revisions"}],"predecessor-version":[{"id":7496,"href":"https:\/\/4judo.pt\/index.php\/wp-json\/wp\/v2\/posts\/7494\/revisions\/7496"}],"wp:featuredmedia":[{"embeddable":true,"href":"https:\/\/4judo.pt\/index.php\/wp-json\/wp\/v2\/media\/7495"}],"wp:attachment":[{"href":"https:\/\/4judo.pt\/index.php\/wp-json\/wp\/v2\/media?parent=7494"}],"wp:term":[{"taxonomy":"category","embeddable":true,"href":"https:\/\/4judo.pt\/index.php\/wp-json\/wp\/v2\/categories?post=7494"},{"taxonomy":"post_tag","embeddable":true,"href":"https:\/\/4judo.pt\/index.php\/wp-json\/wp\/v2\/tags?post=7494"}],"curies":[{"name":"wp","href":"https:\/\/api.w.org\/{rel}","templated":true}]}}