{"id":7497,"date":"2025-07-15T08:08:04","date_gmt":"2025-07-15T08:08:04","guid":{"rendered":"https:\/\/4judo.pt\/?p=7497"},"modified":"2025-07-15T08:08:06","modified_gmt":"2025-07-15T08:08:06","slug":"atletas-do-4judo-project-em-destaque-nos-opens-internacionais-de-juniores-e-cadetes-em-tomar","status":"publish","type":"post","link":"https:\/\/4judo.pt\/index.php\/2025\/07\/15\/atletas-do-4judo-project-em-destaque-nos-opens-internacionais-de-juniores-e-cadetes-em-tomar\/","title":{"rendered":"Atletas do 4Judo Project em destaque nos Opens Internacionais de Juniores e Cadetes em Tomar"},"content":{"rendered":"\n<p>O Pavilh\u00e3o Municipal Patr\u00edcia Sampaio, em Tomar, acolheu nos dias 12 e 13 de julho de 2025 duas importantes provas do calend\u00e1rio internacional de judo: o I Open Internacional de Juniores &#8211; Patr\u00edcia Sampaio e o XI Open Internacional de Cadetes &#8211; AJDS. A representar o 4Judo Project, v\u00e1rios jovens judocas subiram ao tatami, acompanhados pelos treinadores Bianca Sousa e Paulo Moreira, somando experi\u00eancias valiosas e medalhas em ambas as competi\u00e7\u00f5es.<\/p>\n\n\n\n<p>I Open Internacional de Juniores \u2013 Patr\u00edcia Sampaio 2025<\/p>\n\n\n\n<p>\ud83d\udcc5 12 de julho | \ud83d\udccd Tomar<\/p>\n\n\n\n<p>O torneio de juniores, realizado pela primeira vez, contou com bons desempenhos por parte dos atletas do 4Judo Project.<\/p>\n\n\n\n<p>N\u00faria Silva (-63kg) e Tiago Serrano (-73kg) conquistaram medalhas de bronze, demonstrando competitividade num evento exigente.<\/p>\n\n\n\n<p>Diogo Moreira (-60kg) e Manuel Ribeiro (-73kg) alcan\u00e7aram 5.\u00ba lugar, ficando \u00e0s portas do p\u00f3dio.<\/p>\n\n\n\n<p>Rodrigo Santos (-66kg) n\u00e3o obteve classifica\u00e7\u00e3o final.<\/p>\n\n\n\n<figure class=\"wp-block-image size-large is-style-rounded\"><img loading=\"lazy\" decoding=\"async\" width=\"1024\" height=\"768\" src=\"https:\/\/4judo.pt\/wp-content\/uploads\/2025\/07\/1000022282-1-1024x768.jpg\" alt=\"\" class=\"wp-image-7500\" srcset=\"https:\/\/4judo.pt\/wp-content\/uploads\/2025\/07\/1000022282-1-1024x768.jpg 1024w, https:\/\/4judo.pt\/wp-content\/uploads\/2025\/07\/1000022282-1-300x225.jpg 300w, https:\/\/4judo.pt\/wp-content\/uploads\/2025\/07\/1000022282-1-768x576.jpg 768w, https:\/\/4judo.pt\/wp-content\/uploads\/2025\/07\/1000022282-1-1536x1152.jpg 1536w, https:\/\/4judo.pt\/wp-content\/uploads\/2025\/07\/1000022282-1-200x150.jpg 200w, https:\/\/4judo.pt\/wp-content\/uploads\/2025\/07\/1000022282-1-533x400.jpg 533w, https:\/\/4judo.pt\/wp-content\/uploads\/2025\/07\/1000022282-1.jpg 2000w\" sizes=\"auto, (max-width: 1024px) 100vw, 1024px\" \/><\/figure>\n\n\n\n<p>XI Open Internacional de Cadetes \u2013 AJDS 2025<\/p>\n\n\n\n<p>\ud83d\udcc5 13 de julho | \ud83d\udccd Tomar<\/p>\n\n\n\n<p>Entre os cadetes, o destaque foi para a categoria -55kg, onde o 4Judo Project garantiu o dom\u00ednio do p\u00f3dio:<\/p>\n\n\n\n<p>Daniel Durand brilhou com a medalha de ouro<\/p>\n\n\n\n<p>Carlos Vicente conquistou a medalha de prata<\/p>\n\n\n\n<p>Na categoria -60kg, Alexandre Santos, Ricardo Ara\u00fajo e Pedro Silva n\u00e3o se classificaram, mas tiveram oportunidade de enfrentar advers\u00e1rios internacionais e somar experi\u00eancia competitiva.<\/p>\n\n\n\n<figure class=\"wp-block-image size-large is-resized is-style-rounded\"><img loading=\"lazy\" decoding=\"async\" width=\"1024\" height=\"683\" src=\"https:\/\/4judo.pt\/wp-content\/uploads\/2025\/07\/1000021984-1-1024x683.jpg\" alt=\"\" class=\"wp-image-7501\" style=\"width:784px;height:auto\" srcset=\"https:\/\/4judo.pt\/wp-content\/uploads\/2025\/07\/1000021984-1-1024x683.jpg 1024w, https:\/\/4judo.pt\/wp-content\/uploads\/2025\/07\/1000021984-1-300x200.jpg 300w, https:\/\/4judo.pt\/wp-content\/uploads\/2025\/07\/1000021984-1-768x512.jpg 768w, https:\/\/4judo.pt\/wp-content\/uploads\/2025\/07\/1000021984-1-1536x1024.jpg 1536w, https:\/\/4judo.pt\/wp-content\/uploads\/2025\/07\/1000021984-1-2048x1366.jpg 2048w, https:\/\/4judo.pt\/wp-content\/uploads\/2025\/07\/1000021984-1-200x133.jpg 200w, https:\/\/4judo.pt\/wp-content\/uploads\/2025\/07\/1000021984-1-600x400.jpg 600w\" sizes=\"auto, (max-width: 1024px) 100vw, 1024px\" \/><\/figure>\n\n\n\n<p>Sob orienta\u00e7\u00e3o de Bianca Sousa e Paulo Moreira, o 4Judo Project voltou a afirmar-se como um projeto formador de atletas com qualidade, competitivos em palcos internacionais. A participa\u00e7\u00e3o nestes Opens refor\u00e7a a aposta na forma\u00e7\u00e3o e crescimento desportivo dos jovens judocas da equipa, num ambiente de elevado n\u00edvel t\u00e9cnico.<\/p>\n","protected":false},"excerpt":{"rendered":"<p>O Pavilh\u00e3o Municipal Patr\u00edcia Sampaio, em Tomar, acolheu nos dias 12 e 13 de julho de 2025 duas importantes provas do calend\u00e1rio internacional de judo: o I Open Internacional de Juniores &#8211; Patr\u00edcia Sampaio e o XI Open Internacional de Cadetes &#8211; AJDS. A representar o 4Judo Project, v\u00e1rios jovens judocas subiram ao tatami, acompanhados<\/p>\n","protected":false},"author":1,"featured_media":7499,"comment_status":"closed","ping_status":"open","sticky":false,"template":"","format":"standard","meta":{"footnotes":""},"categories":[50,2,40,51],"tags":[],"class_list":["post-7497","post","type-post","status-publish","format-standard","has-post-thumbnail","hentry","category-internacional","category-judo","category-noticias","category-open"],"_links":{"self":[{"href":"https:\/\/4judo.pt\/index.php\/wp-json\/wp\/v2\/posts\/7497","targetHints":{"allow":["GET"]}}],"collection":[{"href":"https:\/\/4judo.pt\/index.php\/wp-json\/wp\/v2\/posts"}],"about":[{"href":"https:\/\/4judo.pt\/index.php\/wp-json\/wp\/v2\/types\/post"}],"author":[{"embeddable":true,"href":"https:\/\/4judo.pt\/index.php\/wp-json\/wp\/v2\/users\/1"}],"replies":[{"embeddable":true,"href":"https:\/\/4judo.pt\/index.php\/wp-json\/wp\/v2\/comments?post=7497"}],"version-history":[{"count":1,"href":"https:\/\/4judo.pt\/index.php\/wp-json\/wp\/v2\/posts\/7497\/revisions"}],"predecessor-version":[{"id":7502,"href":"https:\/\/4judo.pt\/index.php\/wp-json\/wp\/v2\/posts\/7497\/revisions\/7502"}],"wp:featuredmedia":[{"embeddable":true,"href":"https:\/\/4judo.pt\/index.php\/wp-json\/wp\/v2\/media\/7499"}],"wp:attachment":[{"href":"https:\/\/4judo.pt\/index.php\/wp-json\/wp\/v2\/media?parent=7497"}],"wp:term":[{"taxonomy":"category","embeddable":true,"href":"https:\/\/4judo.pt\/index.php\/wp-json\/wp\/v2\/categories?post=7497"},{"taxonomy":"post_tag","embeddable":true,"href":"https:\/\/4judo.pt\/index.php\/wp-json\/wp\/v2\/tags?post=7497"}],"curies":[{"name":"wp","href":"https:\/\/api.w.org\/{rel}","templated":true}]}}